{"id":11010,"date":"2015-09-21T14:16:07","date_gmt":"2015-09-21T14:16:07","guid":{"rendered":"http:\/\/plazajuarez.mx\/index\/index.php\/2015\/09\/21\/bloquean-la-carretera-tula-michimaloya\/"},"modified":"2015-09-21T14:16:07","modified_gmt":"2015-09-21T14:16:07","slug":"bloquean-la-carretera-tula-michimaloya","status":"publish","type":"post","link":"https:\/\/plazajuarez.mx\/historico\/bloquean-la-carretera-tula-michimaloya\/","title":{"rendered":"Bloquean la carretera Tula- Michimaloya"},"content":{"rendered":"<p>TULA DE ALLENDE<\/p>\n<ul>\n<li>Familiares y amigos de la mujer asesinada en el Cereso de Tula, exigen justicia para la joven <!--more--> <\/li>\n<\/ul>\n<p>Familiares y amigos de la victima, ayer por la ma\u00f1ana bloquearon la carretera Tula-Michimaloya a la altura del Cereso, para exigir justicia por la muerte de la joven que el pasado 10 de septiembre fue hallada sin vida en el interior del Centro Penitenciario, en el \u00e1rea de visita conyugal.<\/p>\n<p>\u00a0<\/p>\n<p>Cabe recordar que ante los hechos la Procuradur\u00eda General de Justicia en el Estado de Hidalgo, inform\u00f3 que inici\u00f3 una carpeta de investigaci\u00f3n por el delito de feminicidio y lo que resulte en contra de un interno del Cereso de Tula y quienes resulten responsables.<\/p>\n<p>\u00a0<\/p>\n<p>Se inici\u00f3 el expediente NUC:16-UICD-2015-0024 y que la mujer de 28 a\u00f1os era la pareja sentimental del interno imputado, por lo que ante los hechos los familiares y amigos de la v\u00edctima claman justicia; como medida de presi\u00f3n bloquearon la carretera en menci\u00f3n y se manifestaron con pancartas.<\/p>\n<p>\u00a0<\/p>\n<p>El director del Cereso, Liborio Montes Fuentes, dijo a los manifestantes que la persona responsable por la muerte de la joven recibir\u00e1 el castigo que establece la ley y que de ninguna manera pretende encubrir a alguien y que es el m\u00e1s interesado en que se haga justicia por el encargo que desempe\u00f1a y que salga a la luz lo que tenga que salir.<\/p>\n<p>\u00a0<\/p>\n<p>Familiares, entre ellos el padre y madre de la hoy occisa, cuestionaron porqu\u00e9 el imputado goza de privilegios al interior de la c\u00e1rcel, incluso denunciaron que el detenido les informaba que sal\u00eda del Centro Penitenciario, por lo que exigieron una explicaci\u00f3n, agregaron que desde la c\u00e1rcel est\u00e1n recibiendo llamadas de amenaza.<\/p>\n<p>\u00a0<\/p>\n<p>Por su parte el representante de Gobernaci\u00f3n, Germ\u00e1n Paz, pidi\u00f3 que todo lo expresado se lo hagan saber al Ministerio P\u00fablico para las investigaciones pertinentes.<\/p>\n","protected":false},"excerpt":{"rendered":"<p>TULA DE ALLENDE Familiares y amigos de la mujer asesinada en el Cereso de Tula, exigen justicia para la joven<\/p>\n","protected":false},"author":93,"featured_media":0,"comment_status":"open","ping_status":"open","sticky":false,"template":"","format":"standard","meta":{"footnotes":""},"categories":[40],"tags":[],"class_list":["post-11010","post","type-post","status-publish","format-standard","hentry","category-region"],"_links":{"self":[{"href":"https:\/\/plazajuarez.mx\/historico\/wp-json\/wp\/v2\/posts\/11010","targetHints":{"allow":["GET"]}}],"collection":[{"href":"https:\/\/plazajuarez.mx\/historico\/wp-json\/wp\/v2\/posts"}],"about":[{"href":"https:\/\/plazajuarez.mx\/historico\/wp-json\/wp\/v2\/types\/post"}],"author":[{"embeddable":true,"href":"https:\/\/plazajuarez.mx\/historico\/wp-json\/wp\/v2\/users\/93"}],"replies":[{"embeddable":true,"href":"https:\/\/plazajuarez.mx\/historico\/wp-json\/wp\/v2\/comments?post=11010"}],"version-history":[{"count":0,"href":"https:\/\/plazajuarez.mx\/historico\/wp-json\/wp\/v2\/posts\/11010\/revisions"}],"wp:attachment":[{"href":"https:\/\/plazajuarez.mx\/historico\/wp-json\/wp\/v2\/media?parent=11010"}],"wp:term":[{"taxonomy":"category","embeddable":true,"href":"https:\/\/plazajuarez.mx\/historico\/wp-json\/wp\/v2\/categories?post=11010"},{"taxonomy":"post_tag","embeddable":true,"href":"https:\/\/plazajuarez.mx\/historico\/wp-json\/wp\/v2\/tags?post=11010"}],"curies":[{"name":"wp","href":"https:\/\/api.w.org\/{rel}","templated":true}]}}