{"id":11009,"date":"2015-09-21T14:16:01","date_gmt":"2015-09-21T14:16:01","guid":{"rendered":"http:\/\/plazajuarez.mx\/index\/index.php\/2015\/09\/21\/comparten-empresarios-experiencias-de-exito-con-el-itesa\/"},"modified":"2015-09-21T14:16:01","modified_gmt":"2015-09-21T14:16:01","slug":"comparten-empresarios-experiencias-de-exito-con-el-itesa","status":"publish","type":"post","link":"https:\/\/plazajuarez.mx\/historico\/comparten-empresarios-experiencias-de-exito-con-el-itesa\/","title":{"rendered":"Comparten empresarios experiencias de \u00e9xito con el ITESA"},"content":{"rendered":"<p>APAN<\/p>\n<p>* En el marco del aniversario del Tecnol\u00f3gico, la licenciatura en Administraci\u00f3n organiz\u00f3 el panel: Factores clave para hacer crecer una empresa<\/p>\n<p>Redacci\u00f3n<\/p>\n<p>  <!--more-->  <\/p>\n<p>\u00a0<\/p>\n<p>En el marco del 15 Aniversario del Instituto Tecnol\u00f3gico Superior del Oriente del Estado de Hidalgo (ITESA), la licenciatura en Administraci\u00f3n, organiz\u00f3 una serie de actividades extraacad\u00e9micas que permiten complementar la formaci\u00f3n profesional de sus estudiantes.<\/p>\n<p>En el auditorio Matilde Montoya del instituto, se realiz\u00f3 un panel de expertos denominado \u201cFactores clave para hacer crecer una empresa\u201d, donde los invitados compartieron puntos de vista de su experiencia laboral y destacaron los factores que se deben considerar para lograr el crecimiento oportuno de una empresa.<\/p>\n<p>Wendy Montiel Flores, jefa de recursos humanos de la empresa Cajaplax, fabricantes de envases de pl\u00e1stico para las industrias farmac\u00e9uticas, alimenticia, cosm\u00e9tica y qu\u00edmica, mencion\u00f3 que las industrias requieren de j\u00f3venes emprendedores con valores y aspiraciones de crecimiento, caracter\u00edsticas que les permitir\u00e1n participar en los procesos de innovaci\u00f3n.<\/p>\n<p>Por parte, Guillermo V\u00e1zquez, gerente general de la Comercializadora de Llantas Tres Siglos, destac\u00f3 la importancia del liderazgo como factor clave para el crecimiento de una organizaci\u00f3n, tanto en el aspecto econ\u00f3mico como en el administrativo.<\/p>\n<p>Otra actividad fue la conferencia: \u201cLo que puede hacer la mercadotecnia\u201d, donde Jorge Luis Gonz\u00e1lez, presidente fundador de la Asociaci\u00f3n de Mercadotecnia del Estado de Hidalgo (AMEH), invit\u00f3 a las y los estudiantes a sumar esfuerzos, dejar a un lado la pasividad y contribuir al desarrollo social y econ\u00f3mico de Hidalgo.<\/p>\n<p>Con estas y otras actividades se compartieron con los estudiantes experiencias de \u00e9xito que les permiten enriquecer su formaci\u00f3n profesional y ampliar su visi\u00f3n empresarial.<\/p>\n","protected":false},"excerpt":{"rendered":"<p>APAN * En el marco del aniversario del Tecnol\u00f3gico, la licenciatura en Administraci\u00f3n organiz\u00f3 el panel: Factores clave para hacer crecer una empresa Redacci\u00f3n<\/p>\n","protected":false},"author":93,"featured_media":0,"comment_status":"open","ping_status":"open","sticky":false,"template":"","format":"standard","meta":{"footnotes":""},"categories":[40],"tags":[],"class_list":["post-11009","post","type-post","status-publish","format-standard","hentry","category-region"],"_links":{"self":[{"href":"https:\/\/plazajuarez.mx\/historico\/wp-json\/wp\/v2\/posts\/11009","targetHints":{"allow":["GET"]}}],"collection":[{"href":"https:\/\/plazajuarez.mx\/historico\/wp-json\/wp\/v2\/posts"}],"about":[{"href":"https:\/\/plazajuarez.mx\/historico\/wp-json\/wp\/v2\/types\/post"}],"author":[{"embeddable":true,"href":"https:\/\/plazajuarez.mx\/historico\/wp-json\/wp\/v2\/users\/93"}],"replies":[{"embeddable":true,"href":"https:\/\/plazajuarez.mx\/historico\/wp-json\/wp\/v2\/comments?post=11009"}],"version-history":[{"count":0,"href":"https:\/\/plazajuarez.mx\/historico\/wp-json\/wp\/v2\/posts\/11009\/revisions"}],"wp:attachment":[{"href":"https:\/\/plazajuarez.mx\/historico\/wp-json\/wp\/v2\/media?parent=11009"}],"wp:term":[{"taxonomy":"category","embeddable":true,"href":"https:\/\/plazajuarez.mx\/historico\/wp-json\/wp\/v2\/categories?post=11009"},{"taxonomy":"post_tag","embeddable":true,"href":"https:\/\/plazajuarez.mx\/historico\/wp-json\/wp\/v2\/tags?post=11009"}],"curies":[{"name":"wp","href":"https:\/\/api.w.org\/{rel}","templated":true}]}}