{"id":109916,"date":"2020-05-15T06:00:00","date_gmt":"2020-05-15T06:00:00","guid":{"rendered":"https:\/\/plazajuarez.mx\/?p=109916"},"modified":"2020-05-15T12:02:03","modified_gmt":"2020-05-15T12:02:03","slug":"niega-alcalde-ser-accionista-en-el-parque-tolteca","status":"publish","type":"post","link":"https:\/\/plazajuarez.mx\/historico\/niega-alcalde-ser-accionista-en-el-parque-tolteca\/","title":{"rendered":"Niega alcalde ser accionista en el \u201cParque Tolteca\u201d"},"content":{"rendered":"\n<p><strong>\u201cEs lamentable que se hagan se\u00f1alamientos infundados que lo \u00fanico que provocan es ahuyentar las inversiones\u201d<\/strong><\/p>\n\n\n\n<!--more-->\n\n\n\n<p>Dijo esperar que la inversi\u00f3n aterrice antes de que concluya su periodo como alcalde<\/p>\n\n\n\n<p>El alcalde, Ismael Gadoth Tapia Ben\u00edtez, neg\u00f3 de manera categ\u00f3rica que \u00e9l o alguien de su familia sea accionista en el proyecto \u201cParque Tolteca\u201d que anunci\u00f3 el gobernador, Omar Fayad, que est\u00e1 por llegar a Tula, con una inversi\u00f3n superior a los 3 mil 500 millones de pesos.<\/p>\n\n\n\n<p>Puntualiz\u00f3 que de ninguna manera existe alg\u00fan inter\u00e9s personal, ya que tampoco tiene la capacidad econ\u00f3mica para generar una inversi\u00f3n de ese tipo, y que lo que pide a los ciudadanos de Tula es que puedan arropar proyectos de ese tipo, al ser los que tanta falta hacen al municipio, con la finalidad de seguir generando m\u00e1s y mejores empleos.<\/p>\n\n\n\n<p>Dijo que quienes deseen invertir en Tula como el proyecto que se est\u00e1 presentando, o ya sea micro y mediana empresa, siempre tendr\u00e1n el respaldo por parte de su gobierno municipal. \u201cPero jam\u00e1s habr\u00e1 un inter\u00e9s personal de sacar ventaja\u201d. Sentenci\u00f3 que el tiempo dar\u00e1 la raz\u00f3n, si es que \u00e9l o alguien de su familia tienen algo que ver con el proyecto.<\/p>\n\n\n\n<p>Coment\u00f3 que est\u00e1 por concluir una administraci\u00f3n y que podr\u00e1n se\u00f1alar todo, menos que exista una participaci\u00f3n directa de su familia en los temas de responsabilidad que hoy tiene como presidente municipal.&nbsp;<\/p>\n\n\n\n<p>Recalc\u00f3: \u201cNiego categ\u00f3ricamente. Estoy dispuesto a someterme a cualquier prueba para garantizar que las obras que vengan a Tula tengan un solo fin, empleos para la gente, inversi\u00f3n para la gente y espero tambi\u00e9n que la inversi\u00f3n sea local. Ya que as\u00ed no se tendr\u00e1 fuga de recursos, sino el recurso se quedar\u00e1 en Tula\u201d.<\/p>\n","protected":false},"excerpt":{"rendered":"<p>\u201cEs lamentable que se hagan se\u00f1alamientos infundados que lo \u00fanico que provocan es ahuyentar las inversiones\u201d<\/p>\n","protected":false},"author":71,"featured_media":0,"comment_status":"closed","ping_status":"open","sticky":false,"template":"","format":"standard","meta":{"footnotes":""},"categories":[40],"tags":[],"class_list":["post-109916","post","type-post","status-publish","format-standard","hentry","category-region"],"_links":{"self":[{"href":"https:\/\/plazajuarez.mx\/historico\/wp-json\/wp\/v2\/posts\/109916","targetHints":{"allow":["GET"]}}],"collection":[{"href":"https:\/\/plazajuarez.mx\/historico\/wp-json\/wp\/v2\/posts"}],"about":[{"href":"https:\/\/plazajuarez.mx\/historico\/wp-json\/wp\/v2\/types\/post"}],"author":[{"embeddable":true,"href":"https:\/\/plazajuarez.mx\/historico\/wp-json\/wp\/v2\/users\/71"}],"replies":[{"embeddable":true,"href":"https:\/\/plazajuarez.mx\/historico\/wp-json\/wp\/v2\/comments?post=109916"}],"version-history":[{"count":0,"href":"https:\/\/plazajuarez.mx\/historico\/wp-json\/wp\/v2\/posts\/109916\/revisions"}],"wp:attachment":[{"href":"https:\/\/plazajuarez.mx\/historico\/wp-json\/wp\/v2\/media?parent=109916"}],"wp:term":[{"taxonomy":"category","embeddable":true,"href":"https:\/\/plazajuarez.mx\/historico\/wp-json\/wp\/v2\/categories?post=109916"},{"taxonomy":"post_tag","embeddable":true,"href":"https:\/\/plazajuarez.mx\/historico\/wp-json\/wp\/v2\/tags?post=109916"}],"curies":[{"name":"wp","href":"https:\/\/api.w.org\/{rel}","templated":true}]}}