{"id":109905,"date":"2020-05-15T06:00:00","date_gmt":"2020-05-15T06:00:00","guid":{"rendered":"https:\/\/plazajuarez.mx\/?p=109905"},"modified":"2020-05-15T12:02:03","modified_gmt":"2020-05-15T12:02:03","slug":"carlos-sainz-nuevo-piloto-de-ferrari","status":"publish","type":"post","link":"https:\/\/plazajuarez.mx\/historico\/carlos-sainz-nuevo-piloto-de-ferrari\/","title":{"rendered":"Carlos Sainz, nuevo piloto de Ferrari"},"content":{"rendered":"\n<p><strong>El todav\u00eda ligado a McLaren este 2020, ser\u00e1 el sustituto de Sebastian Vettel<\/strong><\/p>\n\n\n\n<!--more-->\n\n\n\n<p>Carlos Sainz es el nuevo piloto de Ferrari, confirm\u00f3 la misma escuder\u00eda este jueves.<\/p>\n\n\n\n<p>El espa\u00f1ol, todav\u00eda ligado a McLaren para este 2020, ser\u00e1 el sustituto de Sebastian Vettel, quien no lleg\u00f3 a un acuerdo para renovar contrato con el Cavallino Rampante. El ib\u00e9rico ser\u00e1 compa\u00f1ero del monegasco Charles Leclerc.<\/p>\n\n\n\n<p>Mientras que el lugar que deja en McLaren lo tomar\u00e1 Daniel Ricciardo. El australiano tambi\u00e9n era candidato para llegar a Ferrari; para el 2021 correr\u00e1 en el equipo brit\u00e1nico, tras dos a\u00f1os en Renault.<\/p>\n\n\n\n<p>&#8220;Me complace anunciar que Carlos se unir\u00e1 a la Scuderia Ferrari a partir del campeonato 2021. Con cinco temporadas ya detr\u00e1s de \u00e9l, Carlos ha demostrado ser muy talentoso y ha demostrado que tiene la capacidad t\u00e9cnica y los atributos correctos para que se adapte perfectamente a nuestra familia&#8221;, public\u00f3 Mattia Binotto, director de la Scuderia.<\/p>\n\n\n\n<p>&#8220;Estoy muy contento de que conducir\u00e9 para Ferrari en 2021 y estoy entusiasmado con mi futuro en el equipo. Todav\u00eda tengo un a\u00f1o importante por delante con McLaren y tengo muchas ganas de volver a competir con ellos esta temporada&#8221;, a\u00f1adi\u00f3 Sainz.<\/p>\n\n\n\n<p>Nacido en Madrid el 1 de septiembre de 1994, Carlos ya tiene mucha experiencia en F\u00f3rmula 1, despu\u00e9s de haber participado en 102 Grandes Campeonatos del Mundo en m\u00e1s de cinco temporadas. En 2019, termin\u00f3 sexto en el Campeonato de Pilotos, su mejor resultado, en un a\u00f1o en el que tambi\u00e9n lleg\u00f3 al podio por primera vez, terminando tercero en Brasil.<\/p>\n\n\n\n<p>Todav\u00eda no se corre alguna carrera de la campa\u00f1a 2020 de la F\u00f3rmula Uno por la pandemia Covid-19.<\/p>\n","protected":false},"excerpt":{"rendered":"<p>El todav\u00eda ligado a McLaren este 2020, ser\u00e1 el sustituto de Sebastian Vettel<\/p>\n","protected":false},"author":80,"featured_media":0,"comment_status":"closed","ping_status":"open","sticky":false,"template":"","format":"standard","meta":{"footnotes":""},"categories":[39],"tags":[],"class_list":["post-109905","post","type-post","status-publish","format-standard","hentry","category-deportiva"],"_links":{"self":[{"href":"https:\/\/plazajuarez.mx\/historico\/wp-json\/wp\/v2\/posts\/109905","targetHints":{"allow":["GET"]}}],"collection":[{"href":"https:\/\/plazajuarez.mx\/historico\/wp-json\/wp\/v2\/posts"}],"about":[{"href":"https:\/\/plazajuarez.mx\/historico\/wp-json\/wp\/v2\/types\/post"}],"author":[{"embeddable":true,"href":"https:\/\/plazajuarez.mx\/historico\/wp-json\/wp\/v2\/users\/80"}],"replies":[{"embeddable":true,"href":"https:\/\/plazajuarez.mx\/historico\/wp-json\/wp\/v2\/comments?post=109905"}],"version-history":[{"count":0,"href":"https:\/\/plazajuarez.mx\/historico\/wp-json\/wp\/v2\/posts\/109905\/revisions"}],"wp:attachment":[{"href":"https:\/\/plazajuarez.mx\/historico\/wp-json\/wp\/v2\/media?parent=109905"}],"wp:term":[{"taxonomy":"category","embeddable":true,"href":"https:\/\/plazajuarez.mx\/historico\/wp-json\/wp\/v2\/categories?post=109905"},{"taxonomy":"post_tag","embeddable":true,"href":"https:\/\/plazajuarez.mx\/historico\/wp-json\/wp\/v2\/tags?post=109905"}],"curies":[{"name":"wp","href":"https:\/\/api.w.org\/{rel}","templated":true}]}}