{"id":109904,"date":"2020-05-15T06:00:00","date_gmt":"2020-05-15T06:00:00","guid":{"rendered":"https:\/\/plazajuarez.mx\/?p=109904"},"modified":"2020-05-15T03:22:11","modified_gmt":"2020-05-15T03:22:11","slug":"piden-certidumbre-e-igualdad","status":"publish","type":"post","link":"https:\/\/plazajuarez.mx\/historico\/piden-certidumbre-e-igualdad\/","title":{"rendered":"PIDEN CERTIDUMBRE E IGUALDAD"},"content":{"rendered":"\n<p><strong>7 jornadas faltan para que concluya la fase regular del torneo mexicano, adem\u00e1s de la Liguilla<\/strong><\/p>\n\n\n\n<!--more-->\n\n\n\n<p>No se sabe cu\u00e1ndo ser\u00e1 el regreso de actividades del futbol mexicano, pero los jugadores intuyen que est\u00e1 cerca.<\/p>\n\n\n\n<p>El siguiente paso para la Liga MX, tras la informaci\u00f3n que otorg\u00f3 el Gobierno Federal sobre el plan de la &#8220;Nueva Normalidad&#8221;, es oficializar la fecha de retorno, equitativa para los 18 clubes de Primera Divisi\u00f3n.<\/p>\n\n\n\n<p>Pablo Aguilar, defensa del Cruz Azul, pidi\u00f3 una tregua para que ning\u00fan equipo se adelante y tome ventaja antes del reinicio del Clausura 2020.<\/p>\n\n\n\n<p>El paraguayo explic\u00f3 la importancia de que todas las instituciones de la Liga MX retomen sus actividades el mismo d\u00eda, para que la segunda parte del torneo sea pareja.<\/p>\n\n\n\n<p>&#8220;Lo correcto ser\u00eda dar un tiempo, de acuerdo con una consulta con los preparadores f\u00edsicos, para que agenden punto de partida. Si algunos equipos van a regresar antes que otros, la verdad es que toman ventaja, porque entrar\u00e1n m\u00e1s r\u00e1pido en ritmo y adaptaci\u00f3n&#8221;, dijo el guaran\u00ed.<\/p>\n\n\n\n<p>Aunque ning\u00fan club lo ha aceptado, trascendi\u00f3 que algunos permiten a sus jugadores presentarse en sus instalaciones para realizar algunos ejercicios en cancha, mientras que otros se mantienen encerrados.<\/p>\n\n\n\n<p>En el mapa de la actualidad de los estados del pa\u00eds con contagios de Covid-19, se dio a conocer que cuatro entidades que albergan seis equipos de la Liga MX, se encuentran en fase de color rojo (Ciudad de M\u00e9xico, Estado de M\u00e9xico, Baja California e Hidalgo).<\/p>\n\n\n\n<p>A pesar de que Pablo, quien sufri\u00f3 una rotura de ligamento cruzado en febrero, no alcanzar\u00eda a recuperarse para el cierre del Clausura 2020, relat\u00f3 que los futbolistas de la Liga MX est\u00e1n frustrados por no jugar. El \u00faltimo d\u00eda con partido en el pa\u00eds fue el 15 de marzo.<\/p>\n\n\n\n<p>&#8220;He hablado con muchos compa\u00f1eros de profesi\u00f3n, est\u00e1n en una desesperaci\u00f3n por no saber cu\u00e1ndo empiezan a entrenar. A uno no lo deja tranquilo y, por supuesto, provoca nerviosismo no saber cu\u00e1ndo se podr\u00e1 jugar; desconocen si va a terminar el torneo&#8221;, coment\u00f3 el zaguero celeste, de 33 a\u00f1os de edad.<\/p>\n\n\n\n<p>&#8220;S\u00e9 que es dif\u00edcil poner una fecha exacta [para el regreso], pero ya se deber\u00eda tener, digamos, como una aproximado, como las dem\u00e1s Ligas del mundo. Creo que eso tambi\u00e9n motiva y da una luz de esperanza. Para los jugadores ser\u00eda bastante importante conocer una d\u00eda cercano, para que, como se dice, se pongan las pilas para entrenar. Ser\u00eda muy favorable para todos&#8221;, a\u00f1adi\u00f3 el paraguayo.<\/p>\n\n\n\n<p>Aguilar reconoce que sus posibilidades para volver a jugar en el Clausura 2020 son m\u00ednimas, ya que se anticipa que su regreso a las canchas sea en agosto o septiembre, por lo que no se angustia; sin embargo, al ponerse en los zapatos de sus compa\u00f1eros, entiende la frustraci\u00f3n, ya que ellos est\u00e1n al 100 por ciento f\u00edsicamente y con dos meses encima sin jugar.<\/p>\n\n\n\n<p>Pablito, incluso, aceptar\u00eda que el resto del certamen se dispute en una sola sede, para evitar varios traslados y facilitar la log\u00edstica de la Liga MX en los protocolos de higiene en los estadios.<\/p>\n\n\n\n<p>&#8220;Si estuviera bien y me dan esa opci\u00f3n, la tomar\u00eda. Hay gente que quiere ver f\u00fatbol y que se termine el torneo. No lo ver\u00eda mal, la verdad. Los jugadores lo que quieren es jugar&#8221;.<\/p>\n\n\n\n<p>El paraguayo pasa la cuarentena recuper\u00e1ndose de la mencionada lesi\u00f3n, junto a su familia. &#8220;Es el lado bueno de lo malo&#8221;.<\/p>\n","protected":false},"excerpt":{"rendered":"<p>7 jornadas faltan para que concluya la fase regular del torneo mexicano, adem\u00e1s de la Liguilla<\/p>\n","protected":false},"author":81,"featured_media":0,"comment_status":"closed","ping_status":"open","sticky":false,"template":"","format":"standard","meta":{"footnotes":""},"categories":[39],"tags":[],"class_list":["post-109904","post","type-post","status-publish","format-standard","hentry","category-deportiva"],"_links":{"self":[{"href":"https:\/\/plazajuarez.mx\/historico\/wp-json\/wp\/v2\/posts\/109904","targetHints":{"allow":["GET"]}}],"collection":[{"href":"https:\/\/plazajuarez.mx\/historico\/wp-json\/wp\/v2\/posts"}],"about":[{"href":"https:\/\/plazajuarez.mx\/historico\/wp-json\/wp\/v2\/types\/post"}],"author":[{"embeddable":true,"href":"https:\/\/plazajuarez.mx\/historico\/wp-json\/wp\/v2\/users\/81"}],"replies":[{"embeddable":true,"href":"https:\/\/plazajuarez.mx\/historico\/wp-json\/wp\/v2\/comments?post=109904"}],"version-history":[{"count":0,"href":"https:\/\/plazajuarez.mx\/historico\/wp-json\/wp\/v2\/posts\/109904\/revisions"}],"wp:attachment":[{"href":"https:\/\/plazajuarez.mx\/historico\/wp-json\/wp\/v2\/media?parent=109904"}],"wp:term":[{"taxonomy":"category","embeddable":true,"href":"https:\/\/plazajuarez.mx\/historico\/wp-json\/wp\/v2\/categories?post=109904"},{"taxonomy":"post_tag","embeddable":true,"href":"https:\/\/plazajuarez.mx\/historico\/wp-json\/wp\/v2\/tags?post=109904"}],"curies":[{"name":"wp","href":"https:\/\/api.w.org\/{rel}","templated":true}]}}