{"id":109898,"date":"2020-05-15T06:00:00","date_gmt":"2020-05-15T06:00:00","guid":{"rendered":"https:\/\/plazajuarez.mx\/?p=109898"},"modified":"2020-05-15T02:48:35","modified_gmt":"2020-05-15T02:48:35","slug":"yves-saint-laurent-creo-el-armario-de-la-mujer-contemporanea","status":"publish","type":"post","link":"https:\/\/plazajuarez.mx\/historico\/yves-saint-laurent-creo-el-armario-de-la-mujer-contemporanea\/","title":{"rendered":"Yves Saint Laurent cre\u00f3 el armario de la mujer contempor\u00e1nea"},"content":{"rendered":"\n<p><strong>As\u00ed lo expresa Laurence Bena\u00efm, la periodista francesa especializada en moda<\/strong><\/p>\n\n\n\n<!--more-->\n\n\n\n<p>&#8220;He creado el armario de la mujer contempor\u00e1nea. He formado parte de la transformaci\u00f3n de mi era&#8221;, dijo en una ocasi\u00f3n el modisto Yves Saint Laurent, una manifestaci\u00f3n que realiz\u00f3 consciente de que sus creaciones formaban parte del cambio social de la mujer.<\/p>\n\n\n\n<p>Despu\u00e9s de conseguir su gran oportunidad para formar parte del equipo de alta costura Christian Dior, Yves Saint Laurent abri\u00f3 su propio taller y transform\u00f3 la alta costura para una &#8220;nueva era de mujeres j\u00f3venes, fuertes e independientes&#8221;.<\/p>\n\n\n\n<p>Sus dise\u00f1os cambiaron el curso de la moda, introduciendo el concepto del dise\u00f1ador preparado para dirigirse a una clientela m\u00e1s amplia.<\/p>\n\n\n\n<p>As\u00ed lo expresa Laurence Bena\u00efm, la periodista francesa especializada en moda, en el libro &#8220;Yves Saint Laurent: The Impossible Collection&#8221; (Ed. Assouline) y tambi\u00e9n autora de &#8220;Yves Saint Laurent&#8221; (Grasset, 1993), biograf\u00eda de referencia sobre el dise\u00f1ador.<\/p>\n\n\n\n<p>Saint Laurent (Or\u00e1n-Argelia 1936-Par\u00eds 2008) fue un adelantado a su tiempo, supo crear un estilo de mujer basada en un concepto masculino de la sastrer\u00eda y a su guardarropa incorpor\u00f3 el traje de pantal\u00f3n a rayas, la chaqueta de safari de color caqui, la tradicional sahariana, y el esmoquin, piezas bajo las que inclu\u00eda &#8220;escandalosas&#8221;, para la \u00e9poca, blusas transparentes.<\/p>\n\n\n\n<p>Bena\u00efm define a Saint Laurent como un esp\u00edritu &#8220;libre&#8221; tanto como &#8220;para atreverse a provocar con un esmoquin como traje de noche femenino en los a\u00f1os sesenta&#8221;.<\/p>\n\n\n\n<p>Y destaca que fue tambi\u00e9n de los primeros modistas en adaptarse al dise\u00f1o de moda r\u00e1pida, creando un esmoquin para el minorista de mercado masivo franc\u00e9s La Redoute, en 1996.<\/p>\n\n\n\n<p>El libro recoge cuarenta a\u00f1os de moda de Yves Saint Laurent y m\u00e1s de 100 piezas emblem\u00e1ticas, desde los primeros &#8220;looks&#8221; que aparecieron en la pasarela en su colecci\u00f3n de debut en enero de 1962, despu\u00e9s del adi\u00f3s a Dior, hasta su desfile final de alta costura tras su retiro en 2002.<\/p>\n\n\n\n<p>Un modelo artesanal en el que se destacan dise\u00f1os cl\u00e1sicos como el vestido de cambio Mondrian; el vestido negro con cuello blanco y pu\u00f1os para la pel\u00edcula &#8220;Belle de Jour&#8221;, protagonizada por Catherine Deneuve.<\/p>\n\n\n\n<p>Tampoco cae en el olvido la legendaria colecci\u00f3n del vestuario de el ballet ruso, los homenajes a Picasso, Matisse y Van Gogh o los trajes de pantal\u00f3n a medida y los vestidos drapeados de \u201ccoup de crayon\u201d<\/p>\n","protected":false},"excerpt":{"rendered":"<p>As\u00ed lo expresa Laurence Bena\u00efm, la periodista francesa especializada en moda<\/p>\n","protected":false},"author":80,"featured_media":0,"comment_status":"closed","ping_status":"open","sticky":false,"template":"","format":"standard","meta":{"footnotes":""},"categories":[41],"tags":[],"class_list":["post-109898","post","type-post","status-publish","format-standard","hentry","category-arteria-cultural"],"_links":{"self":[{"href":"https:\/\/plazajuarez.mx\/historico\/wp-json\/wp\/v2\/posts\/109898","targetHints":{"allow":["GET"]}}],"collection":[{"href":"https:\/\/plazajuarez.mx\/historico\/wp-json\/wp\/v2\/posts"}],"about":[{"href":"https:\/\/plazajuarez.mx\/historico\/wp-json\/wp\/v2\/types\/post"}],"author":[{"embeddable":true,"href":"https:\/\/plazajuarez.mx\/historico\/wp-json\/wp\/v2\/users\/80"}],"replies":[{"embeddable":true,"href":"https:\/\/plazajuarez.mx\/historico\/wp-json\/wp\/v2\/comments?post=109898"}],"version-history":[{"count":0,"href":"https:\/\/plazajuarez.mx\/historico\/wp-json\/wp\/v2\/posts\/109898\/revisions"}],"wp:attachment":[{"href":"https:\/\/plazajuarez.mx\/historico\/wp-json\/wp\/v2\/media?parent=109898"}],"wp:term":[{"taxonomy":"category","embeddable":true,"href":"https:\/\/plazajuarez.mx\/historico\/wp-json\/wp\/v2\/categories?post=109898"},{"taxonomy":"post_tag","embeddable":true,"href":"https:\/\/plazajuarez.mx\/historico\/wp-json\/wp\/v2\/tags?post=109898"}],"curies":[{"name":"wp","href":"https:\/\/api.w.org\/{rel}","templated":true}]}}