{"id":109897,"date":"2020-05-15T06:00:00","date_gmt":"2020-05-15T06:00:00","guid":{"rendered":"https:\/\/plazajuarez.mx\/?p=109897"},"modified":"2020-05-15T02:47:18","modified_gmt":"2020-05-15T02:47:18","slug":"cine-ayer","status":"publish","type":"post","link":"https:\/\/plazajuarez.mx\/historico\/cine-ayer\/","title":{"rendered":"CINE AYER"},"content":{"rendered":"\n<h2 class=\"wp-block-heading\">Legendario gal\u00e1n<\/h2>\n\n\n\n<!--more-->\n\n\n\n<p>El gui\u00f3n del director Jos\u00e9 D\u00edaz Morales y de Alfredo Varela, narra la historia de Roberto\u2026\u00a0<\/p>\n\n\n\n<p>La otra tarde en A+, tuvimos la oportunidad de ver \u201cEl sinverg\u00fcenza\u201d, una cinta de Mauricio Garc\u00e9s que no conoc\u00edamos.<\/p>\n\n\n\n<p>Filmada en 1971 comenzaba a vislumbrar el fin de la carrera de este gal\u00e1n nacido en Tampico el 16 de diciembre de 1926, quien se inici\u00f3 en el cine en los cincuenta como uno de \u201cLos hermanos diablo\u201d, y que para la d\u00e9cada de los 60 se transform\u00f3 en el gal\u00e1n del cine mexicano con filmes como \u201cDon Juan 67\u201d de Carlos Velo.<\/p>\n\n\n\n<p>El gui\u00f3n del director Jos\u00e9 D\u00edaz Morales y de Alfredo Varela, narra la historia de Roberto (Mauricio Garc\u00e9s), un tipo que se dedica a perseguir a apetecibles divorciadas (Yolanda Rigel), o exuberantes meseras (Rosy Mendoza), para contratarlas para su instituto de idiomas, en el que ense\u00f1an todo menos la lengua, en clases particulares,<\/p>\n\n\n\n<p>Pero el oto\u00f1al lenon se topa con la horma de su zapato con Elena (Paula Cusi), una vendedora de joyas que lo rechaza una y otra vez.<\/p>\n\n\n\n<p>Garc\u00e9s har\u00eda cada vez menos pel\u00edculas y solo filmar\u00eda dos en la d\u00e9cada de los 80 antes de su fallecimiento el 27 de febrero de 1989.<\/p>\n\n\n\n<p>Fue apenas la tercera aparici\u00f3n de Paula en el cine \u2013solo filmar\u00eda tres m\u00e1s- pues de la chica de los hor\u00f3scopos con Zabludovsky se transformar\u00eda ni m\u00e1s ni menos que en esposa del Tigre Azc\u00e1rraga.<\/p>\n\n\n\n<p>Por lo que toca a D\u00edaz Morales, este destajista espa\u00f1ol filmar\u00eda 91 pel\u00edculas con churros como No juzgar\u00e1s a tus padres<\/p>\n\n\n\n<p>\u201cEl sinverg\u00fcenza\u201d es un filme moralino que no consigue salvarse pese a la simpat\u00eda de Mauricio Garc\u00e9s, quien se vanagloriaba de que \u201ca todas las tra\u00eda muertas\u201d.&nbsp;<\/p>\n","protected":false},"excerpt":{"rendered":"<p>Legendario gal\u00e1n<\/p>\n","protected":false},"author":96,"featured_media":0,"comment_status":"closed","ping_status":"open","sticky":false,"template":"","format":"standard","meta":{"footnotes":""},"categories":[41,54,42],"tags":[],"class_list":["post-109897","post","type-post","status-publish","format-standard","hentry","category-arteria-cultural","category-jorge-carrasco","category-nuestrapalabra"],"_links":{"self":[{"href":"https:\/\/plazajuarez.mx\/historico\/wp-json\/wp\/v2\/posts\/109897","targetHints":{"allow":["GET"]}}],"collection":[{"href":"https:\/\/plazajuarez.mx\/historico\/wp-json\/wp\/v2\/posts"}],"about":[{"href":"https:\/\/plazajuarez.mx\/historico\/wp-json\/wp\/v2\/types\/post"}],"author":[{"embeddable":true,"href":"https:\/\/plazajuarez.mx\/historico\/wp-json\/wp\/v2\/users\/96"}],"replies":[{"embeddable":true,"href":"https:\/\/plazajuarez.mx\/historico\/wp-json\/wp\/v2\/comments?post=109897"}],"version-history":[{"count":0,"href":"https:\/\/plazajuarez.mx\/historico\/wp-json\/wp\/v2\/posts\/109897\/revisions"}],"wp:attachment":[{"href":"https:\/\/plazajuarez.mx\/historico\/wp-json\/wp\/v2\/media?parent=109897"}],"wp:term":[{"taxonomy":"category","embeddable":true,"href":"https:\/\/plazajuarez.mx\/historico\/wp-json\/wp\/v2\/categories?post=109897"},{"taxonomy":"post_tag","embeddable":true,"href":"https:\/\/plazajuarez.mx\/historico\/wp-json\/wp\/v2\/tags?post=109897"}],"curies":[{"name":"wp","href":"https:\/\/api.w.org\/{rel}","templated":true}]}}