{"id":109896,"date":"2020-05-15T06:00:00","date_gmt":"2020-05-15T06:00:00","guid":{"rendered":"https:\/\/plazajuarez.mx\/?p=109896"},"modified":"2020-05-15T02:47:09","modified_gmt":"2020-05-15T02:47:09","slug":"staatskapelle-tocara-en-patios-interiores-de-berlin","status":"publish","type":"post","link":"https:\/\/plazajuarez.mx\/historico\/staatskapelle-tocara-en-patios-interiores-de-berlin\/","title":{"rendered":"Staatskapelle tocar\u00e1 en patios interiores de Berl\u00edn"},"content":{"rendered":"\n<p><strong>&#8220;Tambi\u00e9n en estos tiempos queremos estar aqu\u00ed para nuestro p\u00fablico\u201d<\/strong><\/p>\n\n\n\n<!--more-->\n\n\n\n<p>La Staatskapelle, la orquesta de la \u00d3pera Estatal de Berl\u00edn, celebra este a\u00f1o su 450 aniversario y lo har\u00e1 con ocho conciertos en diferentes patios interiores de la ciudad que los vecinos podr\u00e1n disfrutar \u00fanicamente desde sus balcones para cumplir, en tiempos de pandemia, con las normas de distanciamiento.<\/p>\n\n\n\n<p>&#8220;Tambi\u00e9n en estos tiempos queremos estar aqu\u00ed para nuestro p\u00fablico: &#8216;Si vosotros no pod\u00e9is venir, nosotros iremos a donde est\u00e1is'&#8221;, anuncia la orquesta, dirigida por el m\u00fasico argentino-israel\u00ed Daniel Barenboim.<\/p>\n\n\n\n<p>Para ello, la Staatskapelle abandonar\u00e1 su casa, el teatro de la \u00f3pera situado en la avenida Unter den Linden, y otras salas de conciertos, y recorrer\u00e1 los barrios de la ciudad.<\/p>\n\n\n\n<p>&#8220;Mejor dicho: la antigua orquesta real ir\u00e1 a su casa y tocar\u00e1 en su patio interior. Podr\u00e1n disfrutar de la m\u00fasica desde sus balcones o ventanas y participar en vivo, totalmente en la l\u00ednea del precepto &#8216;Please keep distance'&#8221; (por favor, mantenga la distancia), precisa el comunicado.<\/p>\n\n\n\n<p>Hasta el pr\u00f3ximo d\u00eda 20, los interesados pueden, en nombre de su vecindario, presentar sus candidaturas a acoger uno de los ocho conciertos que ofrecer\u00e1 el colectivo, en formato orquesta de c\u00e1mara, durante el mes de junio.<\/p>\n\n\n\n<p>La candidatura debe incluir una foto del patio interior, datos de contacto y una breve explicaci\u00f3n de &#8220;por qu\u00e9 la comunidad de vecinos se alegrar\u00eda de acoger este concierto privado&#8221;.<\/p>\n\n\n\n<p>Los conciertos tendr\u00e1 una duraci\u00f3n de alrededor de treinta minutos y se celebrar\u00e1n dos veces por semana durante el mes de junio con un programa cambiante que no se revelar\u00e1 antes.<\/p>\n\n\n\n<p>La que fuera en sus or\u00edgenes la Orquesta de la Corte Real Prusiana recuerda que ning\u00fan otro colectivo mantiene v\u00ednculos tan estrechos con la ciudad y sus cambios hist\u00f3ricos.<\/p>\n","protected":false},"excerpt":{"rendered":"<p>&#8220;Tambi\u00e9n en estos tiempos queremos estar aqu\u00ed para nuestro p\u00fablico\u201d<\/p>\n","protected":false},"author":80,"featured_media":0,"comment_status":"closed","ping_status":"open","sticky":false,"template":"","format":"standard","meta":{"footnotes":""},"categories":[41],"tags":[],"class_list":["post-109896","post","type-post","status-publish","format-standard","hentry","category-arteria-cultural"],"_links":{"self":[{"href":"https:\/\/plazajuarez.mx\/historico\/wp-json\/wp\/v2\/posts\/109896","targetHints":{"allow":["GET"]}}],"collection":[{"href":"https:\/\/plazajuarez.mx\/historico\/wp-json\/wp\/v2\/posts"}],"about":[{"href":"https:\/\/plazajuarez.mx\/historico\/wp-json\/wp\/v2\/types\/post"}],"author":[{"embeddable":true,"href":"https:\/\/plazajuarez.mx\/historico\/wp-json\/wp\/v2\/users\/80"}],"replies":[{"embeddable":true,"href":"https:\/\/plazajuarez.mx\/historico\/wp-json\/wp\/v2\/comments?post=109896"}],"version-history":[{"count":0,"href":"https:\/\/plazajuarez.mx\/historico\/wp-json\/wp\/v2\/posts\/109896\/revisions"}],"wp:attachment":[{"href":"https:\/\/plazajuarez.mx\/historico\/wp-json\/wp\/v2\/media?parent=109896"}],"wp:term":[{"taxonomy":"category","embeddable":true,"href":"https:\/\/plazajuarez.mx\/historico\/wp-json\/wp\/v2\/categories?post=109896"},{"taxonomy":"post_tag","embeddable":true,"href":"https:\/\/plazajuarez.mx\/historico\/wp-json\/wp\/v2\/tags?post=109896"}],"curies":[{"name":"wp","href":"https:\/\/api.w.org\/{rel}","templated":true}]}}