{"id":109885,"date":"2020-05-15T06:00:00","date_gmt":"2020-05-15T06:00:00","guid":{"rendered":"https:\/\/plazajuarez.mx\/?p=109885"},"modified":"2020-05-15T02:37:13","modified_gmt":"2020-05-15T02:37:13","slug":"por-homicidio-calificado-se-investiga-a-dos-personas","status":"publish","type":"post","link":"https:\/\/plazajuarez.mx\/historico\/por-homicidio-calificado-se-investiga-a-dos-personas\/","title":{"rendered":"Por homicidio calificado, se investiga a dos personas"},"content":{"rendered":"\n<p><strong>Los hechos materia de la imputaci\u00f3n se registraron en Tlanalapa, el 10 de abril<\/strong><\/p>\n\n\n\n<!--more-->\n\n\n\n<p>La Procuradur\u00eda General de Justicia del estado de Hidalgo, obtuvo de la autoridad judicial, vinculaci\u00f3n a proceso de un hombre y una mujer por homicidio calificado.<\/p>\n\n\n\n<p>Los hechos materia de imputaci\u00f3n ocurrieron en Tlanalapa, el 10 de abril, luego que Estefan\u00eda \u201cN\u201d y Andr\u00e9s \u201cN\u201d, presuntamente privaran de la vida a un hombre de 80 a\u00f1os y abandonaran su cuerpo en la localidad de Bella Vista, de dicho municipio. Cabe hacer menci\u00f3n que familiares de la v\u00edctima ya hab\u00edan reportado la no localizaci\u00f3n de la persona.<\/p>\n\n\n\n<p>Procuradur\u00eda intervino para las investigaciones competentes y a trav\u00e9s de un agente del Ministerio P\u00fablico de la Subprocuradur\u00eda de Procedimientos Penales regi\u00f3n poniente, se recabaron los datos de prueba necesarios para solicitar la vinculaci\u00f3n a proceso de ambos.<\/p>\n\n\n\n<p>En audiencia inicial, el juez de control dict\u00f3 la vinculaci\u00f3n a proceso para las dos personas y les fue fijada la medida cautelar de prisi\u00f3n preventiva oficiosa, adem\u00e1s se impuso un plazo de dos meses para el cierre de la investigaci\u00f3n complementaria.<\/p>\n","protected":false},"excerpt":{"rendered":"<p>Los hechos materia de la imputaci\u00f3n se registraron en Tlanalapa, el 10 de abril<\/p>\n","protected":false},"author":93,"featured_media":0,"comment_status":"closed","ping_status":"open","sticky":false,"template":"","format":"standard","meta":{"footnotes":""},"categories":[37],"tags":[],"class_list":["post-109885","post","type-post","status-publish","format-standard","hentry","category-barandilla"],"_links":{"self":[{"href":"https:\/\/plazajuarez.mx\/historico\/wp-json\/wp\/v2\/posts\/109885","targetHints":{"allow":["GET"]}}],"collection":[{"href":"https:\/\/plazajuarez.mx\/historico\/wp-json\/wp\/v2\/posts"}],"about":[{"href":"https:\/\/plazajuarez.mx\/historico\/wp-json\/wp\/v2\/types\/post"}],"author":[{"embeddable":true,"href":"https:\/\/plazajuarez.mx\/historico\/wp-json\/wp\/v2\/users\/93"}],"replies":[{"embeddable":true,"href":"https:\/\/plazajuarez.mx\/historico\/wp-json\/wp\/v2\/comments?post=109885"}],"version-history":[{"count":0,"href":"https:\/\/plazajuarez.mx\/historico\/wp-json\/wp\/v2\/posts\/109885\/revisions"}],"wp:attachment":[{"href":"https:\/\/plazajuarez.mx\/historico\/wp-json\/wp\/v2\/media?parent=109885"}],"wp:term":[{"taxonomy":"category","embeddable":true,"href":"https:\/\/plazajuarez.mx\/historico\/wp-json\/wp\/v2\/categories?post=109885"},{"taxonomy":"post_tag","embeddable":true,"href":"https:\/\/plazajuarez.mx\/historico\/wp-json\/wp\/v2\/tags?post=109885"}],"curies":[{"name":"wp","href":"https:\/\/api.w.org\/{rel}","templated":true}]}}