{"id":109692,"date":"2020-05-14T06:00:00","date_gmt":"2020-05-14T06:00:00","guid":{"rendered":"https:\/\/plazajuarez.mx\/?p=109692"},"modified":"2020-05-14T02:25:25","modified_gmt":"2020-05-14T02:25:25","slug":"cine-de-hoy-47","status":"publish","type":"post","link":"https:\/\/plazajuarez.mx\/historico\/cine-de-hoy-47\/","title":{"rendered":"CINE DE HOY"},"content":{"rendered":"\n<h2 class=\"wp-block-heading\">Revolucionario legendario<\/h2>\n\n\n\n<!--more-->\n\n\n\n<p>El gui\u00f3n de Daniel Garc\u00eda Molt gira en torno al legendario Miguel Creu, un revolucionario espa\u00f1ol durante la Guerra Civil<\/p>\n\n\n\n<p>El otro filme latino del Festival de Cine de Chicago, que pudimos ver gracias a la buena amiga B\u00e1rbara Velasco, es el argentino \u201cTe esperar\u00e9\u201d de Alberto Lecchi.<\/p>\n\n\n\n<p>El gui\u00f3n de Daniel Garc\u00eda Molt gira en torno al legendario Miguel Creu (Facundo Posincovich), un revolucionario espa\u00f1ol que pele\u00f3 en la Guerra Civil, que estuvo en Cuba, y que acab\u00f3 v\u00edctima de los militares argentinos.<\/p>\n\n\n\n<p>El escritor espa\u00f1ol Juan Ben\u00edtez (Juan Ech\u00e1nove, estrella de la serie televisiva Cu\u00e9ntame) se ha vuelto famoso escribiendo dos libros sobre el personaje.<\/p>\n\n\n\n<p>Al ser descubierto los restos de Miguel. Juan decide viajar a Argentina para completar la historia del personaje.<\/p>\n\n\n\n<p>Ah\u00ed se encuentra al arquitecto Ariel (Dar\u00edo Grandinetti, el inolvidable Oliveiro de \u201cEl lado oscuro del coraz\u00f3n\u201d), que lo recibe con hostilidad.<\/p>\n\n\n\n<p>En cambio el hijo de \u00e9ste, Federico (Juan Grandinetti) se convierte en su brazo derecho.<\/p>\n\n\n\n<p>Ambos quieren la condena del coronel Leiva (Hugo Arana) es responsable de la muerte de Miguel, quien a\u00fan tiene mucho poder en el medio.<\/p>\n\n\n\n<p>El director de \u201cOperaci\u00f3n Fangio\u201d y \u201cApariencias\u201d, teje su relato con mucho cuidado, reflexionando acerca de la familia, la pol\u00edtica y la religi\u00f3n, sin criticar a nadie.<\/p>\n\n\n\n<p>Est\u00e1 apoyado por un buen reparto complementado por las bellas y talentosas Ana Celentano, Sonia del Tuffo e In\u00e9s Est\u00e9vez.<\/p>\n\n\n\n<p>\u201cTe esperar\u00e9\u201d result\u00f3 pues una grata sorpresa, que esperamos que alg\u00fan d\u00eda llegue a nuestras pantallas.&nbsp;<\/p>\n","protected":false},"excerpt":{"rendered":"<p>Revolucionario legendario<\/p>\n","protected":false},"author":96,"featured_media":0,"comment_status":"closed","ping_status":"open","sticky":false,"template":"","format":"standard","meta":{"footnotes":""},"categories":[41],"tags":[],"class_list":["post-109692","post","type-post","status-publish","format-standard","hentry","category-arteria-cultural"],"_links":{"self":[{"href":"https:\/\/plazajuarez.mx\/historico\/wp-json\/wp\/v2\/posts\/109692","targetHints":{"allow":["GET"]}}],"collection":[{"href":"https:\/\/plazajuarez.mx\/historico\/wp-json\/wp\/v2\/posts"}],"about":[{"href":"https:\/\/plazajuarez.mx\/historico\/wp-json\/wp\/v2\/types\/post"}],"author":[{"embeddable":true,"href":"https:\/\/plazajuarez.mx\/historico\/wp-json\/wp\/v2\/users\/96"}],"replies":[{"embeddable":true,"href":"https:\/\/plazajuarez.mx\/historico\/wp-json\/wp\/v2\/comments?post=109692"}],"version-history":[{"count":0,"href":"https:\/\/plazajuarez.mx\/historico\/wp-json\/wp\/v2\/posts\/109692\/revisions"}],"wp:attachment":[{"href":"https:\/\/plazajuarez.mx\/historico\/wp-json\/wp\/v2\/media?parent=109692"}],"wp:term":[{"taxonomy":"category","embeddable":true,"href":"https:\/\/plazajuarez.mx\/historico\/wp-json\/wp\/v2\/categories?post=109692"},{"taxonomy":"post_tag","embeddable":true,"href":"https:\/\/plazajuarez.mx\/historico\/wp-json\/wp\/v2\/tags?post=109692"}],"curies":[{"name":"wp","href":"https:\/\/api.w.org\/{rel}","templated":true}]}}