{"id":109680,"date":"2020-05-14T06:00:00","date_gmt":"2020-05-14T06:00:00","guid":{"rendered":"https:\/\/plazajuarez.mx\/?p=109680"},"modified":"2020-05-14T11:56:33","modified_gmt":"2020-05-14T11:56:33","slug":"reportan-desaparicion-de-una-mujer-de-21-anos-con-depresion","status":"publish","type":"post","link":"https:\/\/plazajuarez.mx\/historico\/reportan-desaparicion-de-una-mujer-de-21-anos-con-depresion\/","title":{"rendered":"Reportan desaparici\u00f3n de una mujer de 21 a\u00f1os, con depresi\u00f3n"},"content":{"rendered":"\n<p><strong>Desapareci\u00f3 luego de salir de su casa ubicada en el barrio El Cerrito, Segunda Secci\u00f3n en el municipio de San Agust\u00edn Tlaxiaca.<\/strong><\/p>\n\n\n\n<!--more-->\n\n\n\n<p>Marcela Almaraz Gonz\u00e1lez de 21 a\u00f1os de edad, se encuentra desaparecida desde el pasado 10 de mayo y sus familiares piden el apoyo de las autoridades y de la ciudadan\u00eda en general para tratar de dar con su localizaci\u00f3n.<\/p>\n\n\n\n<p>La joven que sufre de depresi\u00f3n, desapareci\u00f3 luego de salir de su casa ubicada en el barrio El Cerrito, Segunda Secci\u00f3n en el municipio de San Agust\u00edn Tlaxiaca.<\/p>\n\n\n\n<p>Al momento de desaparecer vest\u00eda pantal\u00f3n de mezclilla azul marino, playera tipo polo azul marino, chamarra roja y tenis color vino marca Pirma, tiene una cicatriz en la ceja derecha, un lunar detr\u00e1s de la oreja derecha, otro lunar en el labio superior izquierdo y cicatrices en ambas mu\u00f1ecas.<\/p>\n","protected":false},"excerpt":{"rendered":"<p>Desapareci\u00f3 luego de salir de su casa ubicada en el barrio El Cerrito, Segunda Secci\u00f3n en el municipio de San Agust\u00edn Tlaxiaca.<\/p>\n","protected":false},"author":93,"featured_media":0,"comment_status":"closed","ping_status":"open","sticky":false,"template":"","format":"standard","meta":{"footnotes":""},"categories":[37],"tags":[],"class_list":["post-109680","post","type-post","status-publish","format-standard","hentry","category-barandilla"],"_links":{"self":[{"href":"https:\/\/plazajuarez.mx\/historico\/wp-json\/wp\/v2\/posts\/109680","targetHints":{"allow":["GET"]}}],"collection":[{"href":"https:\/\/plazajuarez.mx\/historico\/wp-json\/wp\/v2\/posts"}],"about":[{"href":"https:\/\/plazajuarez.mx\/historico\/wp-json\/wp\/v2\/types\/post"}],"author":[{"embeddable":true,"href":"https:\/\/plazajuarez.mx\/historico\/wp-json\/wp\/v2\/users\/93"}],"replies":[{"embeddable":true,"href":"https:\/\/plazajuarez.mx\/historico\/wp-json\/wp\/v2\/comments?post=109680"}],"version-history":[{"count":0,"href":"https:\/\/plazajuarez.mx\/historico\/wp-json\/wp\/v2\/posts\/109680\/revisions"}],"wp:attachment":[{"href":"https:\/\/plazajuarez.mx\/historico\/wp-json\/wp\/v2\/media?parent=109680"}],"wp:term":[{"taxonomy":"category","embeddable":true,"href":"https:\/\/plazajuarez.mx\/historico\/wp-json\/wp\/v2\/categories?post=109680"},{"taxonomy":"post_tag","embeddable":true,"href":"https:\/\/plazajuarez.mx\/historico\/wp-json\/wp\/v2\/tags?post=109680"}],"curies":[{"name":"wp","href":"https:\/\/api.w.org\/{rel}","templated":true}]}}