{"id":109678,"date":"2020-05-14T06:00:00","date_gmt":"2020-05-14T06:00:00","guid":{"rendered":"https:\/\/plazajuarez.mx\/?p=109678"},"modified":"2020-05-14T01:47:59","modified_gmt":"2020-05-14T01:47:59","slug":"en-persecucion-ssph-asegura-a-2-individuos-armados-en-ixmiquilpan","status":"publish","type":"post","link":"https:\/\/plazajuarez.mx\/historico\/en-persecucion-ssph-asegura-a-2-individuos-armados-en-ixmiquilpan\/","title":{"rendered":"En persecuci\u00f3n, SSPH asegura a 2 individuos armados en Ixmiquilpan"},"content":{"rendered":"\n<p><strong>La tenaz persecuci\u00f3n policial, tuvo lugar sobre la carretera Federal M\u00e9xico-Laredo<\/strong><\/p>\n\n\n\n<!--more-->\n\n\n\n<p>La Secretar\u00eda de Seguridad P\u00fablica del estado de Hidalgo dio a conocer que como parte de las acciones de prevenci\u00f3n y combate al delito, agentes de la Polic\u00eda Estatal, en coordinaci\u00f3n con el C5i de Hidalgo, aseguraron a dos personas con armas de fuego en el municipio de Ixmiquilpan.<\/p>\n\n\n\n<p>Se destac\u00f3 que fue en un punto de inspecci\u00f3n en el sitio conocido como La Aduana, instalado para la detecci\u00f3n de armas, drogas y objetos il\u00edcitos, y de Reducci\u00f3n a la Movilidad Vehicular, que se les marc\u00f3 el alto cuando se desplazaban a bordo de una motocicleta Yamaha, color rojo con negro, sin matr\u00edcula.<\/p>\n\n\n\n<p>No obstante, las personas siguieron su camino y con ello comenz\u00f3 una persecuci\u00f3n por la carretera M\u00e9xico-Laredo.<\/p>\n\n\n\n<p>La motocicleta circulaba en el carril opuesto de circulaci\u00f3n con alta velocidad y una camioneta de la Polic\u00eda Estatal le sigui\u00f3 el paso, hecho documentado gracias a las c\u00e1maras de videovigilancia y los dispositivos instalados en radiopatrullas para transparentar y soportar el actuar policial.<\/p>\n\n\n\n<p>Fue metros adelante que otra unidad que acud\u00eda a la zona le cerr\u00f3 el paso y el conductor del veh\u00edculo compacto, en sentido contrario, perdi\u00f3 el control hasta terminar derrapado en el pavimento.<\/p>\n\n\n\n<p>Los dos individuos, que dijeron ser originarios de los municipios de Progreso e Ixmiquilpan, portaban dos armas de fuego cortas calibre 9 mil\u00edmetros y .38 especial, abastecidas con cartuchos \u00fatiles, por lo que fueron asegurados junto con la motocicleta.<\/p>\n\n\n\n<p>Las personas, que se identificaron como D.A.A.G., de 29 a\u00f1os, y J.D.L.A., de 24, quedaron a disposici\u00f3n de la Fiscal\u00eda General de la Rep\u00fablica para los tr\u00e1mites que corresponden.<\/p>\n\n\n\n<p>La Secretar\u00eda de Seguridad P\u00fablica de Hidalgo reiter\u00f3 el llamado a la ciudadan\u00eda para contribuir con estas acciones, realizando reportes mediante el 911 de Emergencias o al 089 para Denuncia An\u00f3nima.<\/p>\n","protected":false},"excerpt":{"rendered":"<p>La tenaz persecuci\u00f3n policial, tuvo lugar sobre la carretera Federal M\u00e9xico-Laredo<\/p>\n","protected":false},"author":93,"featured_media":0,"comment_status":"closed","ping_status":"open","sticky":false,"template":"","format":"standard","meta":{"footnotes":""},"categories":[37],"tags":[],"class_list":["post-109678","post","type-post","status-publish","format-standard","hentry","category-barandilla"],"_links":{"self":[{"href":"https:\/\/plazajuarez.mx\/historico\/wp-json\/wp\/v2\/posts\/109678","targetHints":{"allow":["GET"]}}],"collection":[{"href":"https:\/\/plazajuarez.mx\/historico\/wp-json\/wp\/v2\/posts"}],"about":[{"href":"https:\/\/plazajuarez.mx\/historico\/wp-json\/wp\/v2\/types\/post"}],"author":[{"embeddable":true,"href":"https:\/\/plazajuarez.mx\/historico\/wp-json\/wp\/v2\/users\/93"}],"replies":[{"embeddable":true,"href":"https:\/\/plazajuarez.mx\/historico\/wp-json\/wp\/v2\/comments?post=109678"}],"version-history":[{"count":0,"href":"https:\/\/plazajuarez.mx\/historico\/wp-json\/wp\/v2\/posts\/109678\/revisions"}],"wp:attachment":[{"href":"https:\/\/plazajuarez.mx\/historico\/wp-json\/wp\/v2\/media?parent=109678"}],"wp:term":[{"taxonomy":"category","embeddable":true,"href":"https:\/\/plazajuarez.mx\/historico\/wp-json\/wp\/v2\/categories?post=109678"},{"taxonomy":"post_tag","embeddable":true,"href":"https:\/\/plazajuarez.mx\/historico\/wp-json\/wp\/v2\/tags?post=109678"}],"curies":[{"name":"wp","href":"https:\/\/api.w.org\/{rel}","templated":true}]}}