{"id":109672,"date":"2020-05-14T00:02:14","date_gmt":"2020-05-14T00:02:14","guid":{"rendered":"https:\/\/plazajuarez.mx\/?p=109672"},"modified":"2020-05-14T01:11:05","modified_gmt":"2020-05-14T01:11:05","slug":"en-vivo-conferencia-de-prensa-sobre-covid-19-11","status":"publish","type":"post","link":"https:\/\/plazajuarez.mx\/historico\/en-vivo-conferencia-de-prensa-sobre-covid-19-11\/","title":{"rendered":"M\u00e9xico supera 4 mil muertos por Covid; van m\u00e1s de 40 mil contagios"},"content":{"rendered":"\n<p><strong>El plan para el regreso a la nueva normalidad comienza a partir del 1 de junio.<\/strong><\/p>\n\n\n\n<!--more-->\n\n\n\n<p>M\u00e9xico acumul\u00f3, al corte de este 13 de mayo, 4 mil 220 muertes por Covid-19, 294 decesos m\u00e1s que el d\u00eda anterior, as\u00ed como 40 mil 186 casos de contagios confirmados de coronavirus, mil 862 casos m\u00e1s que el martes.<\/p>\n\n\n\n<p>As\u00ed lo informa este mi\u00e9rcoles el doctor Jos\u00e9 Luis Alom\u00eda, director general de Epidemiolog\u00eda. Hasta este martes, la Secretar\u00eda de Salud hab\u00eda confirmado m\u00e1s de 38 mil contagios, 3 mil 926 muertos y 8 mil 817 casos activos por coronavirus en M\u00e9xico.<\/p>\n\n\n\n<p>Durante la conferencia matutina del presidente Andr\u00e9s Manuel L\u00f3pez Obrador, se especific\u00f3 esta ma\u00f1ana que el regreso a la &#8220;nueva normalidad&#8221; tendr\u00e1 tres etapas.<\/p>\n\n\n\n<p>El plan para el regreso a la nueva normalidad comienza a partir del 1 de junio, en la que permanecer\u00e1n las medidas sanitarias pero contempla la reapertura de actividades esenciales como la miner\u00eda, la construcci\u00f3n y fabricaci\u00f3n de equipo de transporte, por medio de un sem\u00e1foro que de determinar\u00e1 la apertura de actividades.<\/p>\n\n\n\n<figure class=\"wp-block-embed-facebook wp-block-embed is-type-video is-provider-facebook\"><div class=\"wp-block-embed__wrapper\">\nhttps:\/\/www.facebook.com\/SecretariadeSaludMX\/videos\/256986575672528\/\n<\/div><\/figure>\n","protected":false},"excerpt":{"rendered":"<p>El plan para el regreso a la nueva normalidad comienza a partir del 1 de junio.<\/p>\n","protected":false},"author":81,"featured_media":0,"comment_status":"closed","ping_status":"open","sticky":false,"template":"","format":"standard","meta":{"footnotes":""},"categories":[15,36],"tags":[],"class_list":["post-109672","post","type-post","status-publish","format-standard","hentry","category-destacadas","category-nacion"],"_links":{"self":[{"href":"https:\/\/plazajuarez.mx\/historico\/wp-json\/wp\/v2\/posts\/109672","targetHints":{"allow":["GET"]}}],"collection":[{"href":"https:\/\/plazajuarez.mx\/historico\/wp-json\/wp\/v2\/posts"}],"about":[{"href":"https:\/\/plazajuarez.mx\/historico\/wp-json\/wp\/v2\/types\/post"}],"author":[{"embeddable":true,"href":"https:\/\/plazajuarez.mx\/historico\/wp-json\/wp\/v2\/users\/81"}],"replies":[{"embeddable":true,"href":"https:\/\/plazajuarez.mx\/historico\/wp-json\/wp\/v2\/comments?post=109672"}],"version-history":[{"count":0,"href":"https:\/\/plazajuarez.mx\/historico\/wp-json\/wp\/v2\/posts\/109672\/revisions"}],"wp:attachment":[{"href":"https:\/\/plazajuarez.mx\/historico\/wp-json\/wp\/v2\/media?parent=109672"}],"wp:term":[{"taxonomy":"category","embeddable":true,"href":"https:\/\/plazajuarez.mx\/historico\/wp-json\/wp\/v2\/categories?post=109672"},{"taxonomy":"post_tag","embeddable":true,"href":"https:\/\/plazajuarez.mx\/historico\/wp-json\/wp\/v2\/tags?post=109672"}],"curies":[{"name":"wp","href":"https:\/\/api.w.org\/{rel}","templated":true}]}}