{"id":109669,"date":"2020-05-13T23:39:20","date_gmt":"2020-05-13T23:39:20","guid":{"rendered":"https:\/\/plazajuarez.mx\/?p=109669"},"modified":"2020-05-13T23:39:26","modified_gmt":"2020-05-13T23:39:26","slug":"preocupa-a-onu-dh-que-fuerzas-armadas-se-ocupen-de-seguridad","status":"publish","type":"post","link":"https:\/\/plazajuarez.mx\/historico\/preocupa-a-onu-dh-que-fuerzas-armadas-se-ocupen-de-seguridad\/","title":{"rendered":"Preocupa a ONU-DH que Fuerzas Armadas se ocupen de seguridad"},"content":{"rendered":"\n<p><strong>El organismo internacional tambi\u00e9n lament\u00f3 que la actuaci\u00f3n de las Fuerzas Armadas no estar\u00e1 vigilada por un ente externo.<\/strong><\/p>\n\n\n\n<!--more-->\n\n\n\n<p>La Oficina en M\u00e9xico del Alto Comisionado de las Naciones Unidas para los Derechos Humanos (ONU-DH) extern\u00f3 su preocupaci\u00f3n por el acuerdo con el que se permitir\u00e1 a las Fuerzas Armadas participar en tareas de seguridad p\u00fablica de manera extraordinaria y en apoyo a la Guardia Nacional.<\/p>\n\n\n\n<p>La ONU-DH critic\u00f3 que el acuerdo, publicado en el Diario Oficial de la Federaci\u00f3n (DOF), no supedita a las Fuerzas Armadas a las autoridades civiles, sino que las hace coordinarse; no hay un plan para fortalecer la Guardia Nacional; se autoriza a las Fuerzas Armadas para registrar personas detenidas, preservar indicios y apoyar en centros de control migratorio, entre otros temas.<\/p>\n\n\n\n<p>&#8220;Por lo anterior, la ONU-DH hace un respetuoso llamado para que se lleve a cabo una revisi\u00f3n del Acuerdo bajo las consideraciones anteriores, con el objetivo de garantizar el respeto a los derechos humanos y la seguridad de la poblaci\u00f3n, al tiempo que se fortalezcan las instituciones civiles de seguridad p\u00fablica en M\u00e9xico y se dise\u00f1a una ruta de salida que materialice el retiro gradual, ordenado, verificable y con plazos definidos de las Fuerzas Armadas de tareas que no les son propias&#8221;, se\u00f1al\u00f3 ONU-DH en un comunicado.<\/p>\n\n\n\n<p>El organismo internacional tambi\u00e9n lament\u00f3 que la actuaci\u00f3n de las Fuerzas Armadas no estar\u00e1 vigilada por un ente externo.<\/p>\n\n\n\n<p>&#8220;El Acuerdo fija que esta supervisi\u00f3n ser\u00e1 realizada por el \u00f3rgano interno de control de la dependencia de la Fuerza Armada que corresponda, lo que resulta insuficiente para garantizar una supervisi\u00f3n efectiva de car\u00e1cter externo, contradice los elementos de control civil de la seguridad p\u00fablica establecidos en la reforma constitucional que cre\u00f3 la Guardia Nacional y no honra los principios de transparencia y rendici\u00f3n de cuentas que deben regir el actuar de todas las corporaciones de seguridad, incluyendo las Fuerzas Armadas&#8221;.<\/p>\n\n\n\n<p>Al finalizar, la ONU-DH se comprometi\u00f3 a seguir acompa\u00f1ando las reformas constitucionales que se hagan en M\u00e9xico para que \u00e9stas respeten los derechos humanos.<\/p>\n","protected":false},"excerpt":{"rendered":"<p>El organismo internacional tambi\u00e9n lament\u00f3 que la actuaci\u00f3n de las Fuerzas Armadas no estar\u00e1 vigilada por un ente externo.<\/p>\n","protected":false},"author":81,"featured_media":0,"comment_status":"closed","ping_status":"open","sticky":false,"template":"","format":"standard","meta":{"footnotes":""},"categories":[15,36],"tags":[],"class_list":["post-109669","post","type-post","status-publish","format-standard","hentry","category-destacadas","category-nacion"],"_links":{"self":[{"href":"https:\/\/plazajuarez.mx\/historico\/wp-json\/wp\/v2\/posts\/109669","targetHints":{"allow":["GET"]}}],"collection":[{"href":"https:\/\/plazajuarez.mx\/historico\/wp-json\/wp\/v2\/posts"}],"about":[{"href":"https:\/\/plazajuarez.mx\/historico\/wp-json\/wp\/v2\/types\/post"}],"author":[{"embeddable":true,"href":"https:\/\/plazajuarez.mx\/historico\/wp-json\/wp\/v2\/users\/81"}],"replies":[{"embeddable":true,"href":"https:\/\/plazajuarez.mx\/historico\/wp-json\/wp\/v2\/comments?post=109669"}],"version-history":[{"count":0,"href":"https:\/\/plazajuarez.mx\/historico\/wp-json\/wp\/v2\/posts\/109669\/revisions"}],"wp:attachment":[{"href":"https:\/\/plazajuarez.mx\/historico\/wp-json\/wp\/v2\/media?parent=109669"}],"wp:term":[{"taxonomy":"category","embeddable":true,"href":"https:\/\/plazajuarez.mx\/historico\/wp-json\/wp\/v2\/categories?post=109669"},{"taxonomy":"post_tag","embeddable":true,"href":"https:\/\/plazajuarez.mx\/historico\/wp-json\/wp\/v2\/tags?post=109669"}],"curies":[{"name":"wp","href":"https:\/\/api.w.org\/{rel}","templated":true}]}}