{"id":109566,"date":"2020-05-13T06:00:00","date_gmt":"2020-05-13T06:00:00","guid":{"rendered":"https:\/\/plazajuarez.mx\/?p=109566"},"modified":"2020-05-13T03:04:05","modified_gmt":"2020-05-13T03:04:05","slug":"amlo-ya-se-dio-cuenta-de-la-realidad-del-pais","status":"publish","type":"post","link":"https:\/\/plazajuarez.mx\/historico\/amlo-ya-se-dio-cuenta-de-la-realidad-del-pais\/","title":{"rendered":"\u201cAMLO ya se dio cuenta de la realidad del pa\u00eds\u201d"},"content":{"rendered":"\n<p><strong>Refiere Edgar Esp\u00ednola, que esta medida no representa alguna novedad: \u201cla GN era parecida a tener al Ej\u00e9rcito en las calles\u201d<\/strong><\/p>\n\n\n\n<!--more-->\n\n\n\n<p>A ra\u00edz del decreto presidencial en el que se dispone del Ej\u00e9rcito y a las Fuerzas Armadas para las tareas de seguridad p\u00fablica, el presidente del Consejo Coordinador Empresarial de Hidalgo (CCEH), Edgar Esp\u00ednola Licona, consider\u00f3 que esta medida es una muestra de que el presidente Andr\u00e9s Manuel L\u00f3pez Obrador \u201cse est\u00e1 dando cuenta que al crimen organizado hay que tratarlo con mano dura\u201d.&nbsp;<\/p>\n\n\n\n<p>Sobre ello, el representante empresarial afirm\u00f3 que, a pesar de que el presidente L\u00f3pez Obrador decret\u00f3 en un inicio el acuartelamiento de las Fuerzas Armadas, cuando en los dos sexenios anteriores se ten\u00eda una presencia importante de estos elementos en las labores de seguridad p\u00fablica, la creaci\u00f3n de la Guardia Nacional en esta administraci\u00f3n dio la impresi\u00f3n de que el Ej\u00e9rcito segu\u00eda en las calles.&nbsp;<\/p>\n\n\n\n<p>\u201cDisfrazaron a la Guardia Nacional de una polic\u00eda civil con mandos y elementos militares, y eso era muy parecido a que el Ej\u00e9rcito siguiera con las labores de vigilancia en las calles; pero el hecho de que se reformaran los art\u00edculos transitorios del acuerdo del a\u00f1o pasado con el que hacen regresar a las Fuerzas Armadas a las calles, pues ya se vio por qu\u00e9\u201d, declar\u00f3.&nbsp;<\/p>\n\n\n\n<p>En ese sentido, asever\u00f3 que el hecho de que el Ej\u00e9rcito volviera a las labores de vigilancia es una se\u00f1al de que el Gobierno Federal admiti\u00f3 que se requieren medidas m\u00e1s f\u00e9rreas para contener la inseguridad y al crimen organizado, \u201cporque realmente el <em>fuchi, gu\u00e1cala<\/em>, ese tipo de comentarios realmente no est\u00e1 funcionando, se dan cuenta que al crimen organizado hay que tratarlo con mano dura\u201d.&nbsp; No obstante, asever\u00f3 que, de no aplicarse una coordinaci\u00f3n entre las fuerzas de seguridad, los gobiernos estatales y los municipales para perseguir a los grupos delincuenciales, se podr\u00eda repetir la historia que ocurri\u00f3 durante en el sexenio de Felipe Calder\u00f3n Hinojosa y su <em>guerra contra el narco<\/em>.<\/p>\n","protected":false},"excerpt":{"rendered":"<p>Refiere Edgar Esp\u00ednola, que esta medida no representa alguna novedad: \u201cla GN era parecida a tener al Ej\u00e9rcito en las calles\u201d<\/p>\n","protected":false},"author":93,"featured_media":0,"comment_status":"closed","ping_status":"open","sticky":false,"template":"","format":"standard","meta":{"footnotes":""},"categories":[59],"tags":[],"class_list":["post-109566","post","type-post","status-publish","format-standard","hentry","category-general"],"_links":{"self":[{"href":"https:\/\/plazajuarez.mx\/historico\/wp-json\/wp\/v2\/posts\/109566","targetHints":{"allow":["GET"]}}],"collection":[{"href":"https:\/\/plazajuarez.mx\/historico\/wp-json\/wp\/v2\/posts"}],"about":[{"href":"https:\/\/plazajuarez.mx\/historico\/wp-json\/wp\/v2\/types\/post"}],"author":[{"embeddable":true,"href":"https:\/\/plazajuarez.mx\/historico\/wp-json\/wp\/v2\/users\/93"}],"replies":[{"embeddable":true,"href":"https:\/\/plazajuarez.mx\/historico\/wp-json\/wp\/v2\/comments?post=109566"}],"version-history":[{"count":0,"href":"https:\/\/plazajuarez.mx\/historico\/wp-json\/wp\/v2\/posts\/109566\/revisions"}],"wp:attachment":[{"href":"https:\/\/plazajuarez.mx\/historico\/wp-json\/wp\/v2\/media?parent=109566"}],"wp:term":[{"taxonomy":"category","embeddable":true,"href":"https:\/\/plazajuarez.mx\/historico\/wp-json\/wp\/v2\/categories?post=109566"},{"taxonomy":"post_tag","embeddable":true,"href":"https:\/\/plazajuarez.mx\/historico\/wp-json\/wp\/v2\/tags?post=109566"}],"curies":[{"name":"wp","href":"https:\/\/api.w.org\/{rel}","templated":true}]}}