{"id":109564,"date":"2020-05-13T06:00:00","date_gmt":"2020-05-13T06:00:00","guid":{"rendered":"https:\/\/plazajuarez.mx\/?p=109564"},"modified":"2020-05-13T03:04:54","modified_gmt":"2020-05-13T03:04:54","slug":"sorpresiva-decision-de-militarizar-el-pais-javier-vazquez-calixto","status":"publish","type":"post","link":"https:\/\/plazajuarez.mx\/historico\/sorpresiva-decision-de-militarizar-el-pais-javier-vazquez-calixto\/","title":{"rendered":"Sorpresiva, decisi\u00f3n de militarizar el pa\u00eds: Javier V\u00e1zquez Calixto"},"content":{"rendered":"\n<p><strong>Entrar\u00e1n el Ej\u00e9rcito y la Marina a las calles, mediante un decreto federal<\/strong><\/p>\n\n\n\n<!--more-->\n\n\n\n<p>Javier V\u00e1zquez Calixto, dirigente estatal del Partido del Trabajo, calific\u00f3 de \u201csorprendente\u201d el decreto del Presidente Andr\u00e9s Manuel L\u00f3pez Obrador, mediante el cual se dar\u00e1 la militarizaci\u00f3n de las calles en el pa\u00eds.<\/p>\n\n\n\n<p>Explic\u00f3 que para su partido, el cual est\u00e1 alineado a las pol\u00edticas de la Cuarta Transformaci\u00f3n, caus\u00f3 gran sorpresa lo mencionado, principalmente porque era el propio Presidente de M\u00e9xico quien estaba luchando en contra de la militarizaci\u00f3n.<\/p>\n\n\n\n<p>A pesar de ell, afirm\u00f3 V\u00e1zquez Calixto que la militarizaci\u00f3n en el pa\u00eds era necesaria, sobre todo por el momento de violencia y crimen que se vive, sin embargo aclar\u00f3 que esto no debe ser permanente y debe ser s\u00f3lo por un corto periodo de tiempo.<\/p>\n\n\n\n<p>Se\u00f1al\u00f3 que de cambiar las medidas de la militarizaci\u00f3n que se llevaron a cabo en los gobierno de los ex presidentes Felipe Calder\u00f3n Hinojosa y Enrique Pe\u00f1a Nieto, este decreto ser\u00eda una buena decisi\u00f3n sobre todo para combatir la delincuencia y el crimen organizado.&nbsp;<\/p>\n","protected":false},"excerpt":{"rendered":"<p>Entrar\u00e1n el Ej\u00e9rcito y la Marina a las calles, mediante un decreto federal<\/p>\n","protected":false},"author":93,"featured_media":0,"comment_status":"closed","ping_status":"open","sticky":false,"template":"","format":"standard","meta":{"footnotes":""},"categories":[59],"tags":[],"class_list":["post-109564","post","type-post","status-publish","format-standard","hentry","category-general"],"_links":{"self":[{"href":"https:\/\/plazajuarez.mx\/historico\/wp-json\/wp\/v2\/posts\/109564","targetHints":{"allow":["GET"]}}],"collection":[{"href":"https:\/\/plazajuarez.mx\/historico\/wp-json\/wp\/v2\/posts"}],"about":[{"href":"https:\/\/plazajuarez.mx\/historico\/wp-json\/wp\/v2\/types\/post"}],"author":[{"embeddable":true,"href":"https:\/\/plazajuarez.mx\/historico\/wp-json\/wp\/v2\/users\/93"}],"replies":[{"embeddable":true,"href":"https:\/\/plazajuarez.mx\/historico\/wp-json\/wp\/v2\/comments?post=109564"}],"version-history":[{"count":0,"href":"https:\/\/plazajuarez.mx\/historico\/wp-json\/wp\/v2\/posts\/109564\/revisions"}],"wp:attachment":[{"href":"https:\/\/plazajuarez.mx\/historico\/wp-json\/wp\/v2\/media?parent=109564"}],"wp:term":[{"taxonomy":"category","embeddable":true,"href":"https:\/\/plazajuarez.mx\/historico\/wp-json\/wp\/v2\/categories?post=109564"},{"taxonomy":"post_tag","embeddable":true,"href":"https:\/\/plazajuarez.mx\/historico\/wp-json\/wp\/v2\/tags?post=109564"}],"curies":[{"name":"wp","href":"https:\/\/api.w.org\/{rel}","templated":true}]}}