{"id":109563,"date":"2020-05-13T06:00:00","date_gmt":"2020-05-13T06:00:00","guid":{"rendered":"https:\/\/plazajuarez.mx\/?p=109563"},"modified":"2020-05-13T03:05:30","modified_gmt":"2020-05-13T03:05:30","slug":"demandan-legislar-sobre-desaparicion-forzada","status":"publish","type":"post","link":"https:\/\/plazajuarez.mx\/historico\/demandan-legislar-sobre-desaparicion-forzada\/","title":{"rendered":"Demandan legislar sobre desaparici\u00f3n forzada"},"content":{"rendered":"\n<ul class=\"wp-block-list\"><li><strong>Exigen a Congreso de Hidalgo que contingencia no sea excusa para detener trabajos sobre este tema&nbsp;&nbsp;<\/strong><\/li><\/ul>\n\n\n\n<!--more-->\n\n\n\n<p>La Asociaci\u00f3n Civil \u201cJuntos por Hidalgo\u201d, que encabeza la activista Lizbeth Delgadillo, inform\u00f3 que el pasado 10 de mayo se llev\u00f3 a cabo una movilizaci\u00f3n en todo el pa\u00eds, donde participaron madres y familiares de personas desaparecidas en M\u00e9xico, para exigir que no se detenga la legislaci\u00f3n pendiente sobre este tema, que ha fracturado la paz y estabilidad emocional de miles de familias mexicanas.<\/p>\n\n\n\n<p>\u201cEn medio de la emergencia sanitaria, no dejaremos de sumar nuestras voces, nos pronunciamos desde cada rinc\u00f3n del pa\u00eds, para seguir exigiendo el regreso a casa de todas las personas desaparecidas, verdad, justicia y garant\u00eda de no repetici\u00f3n&#8221;, declar\u00f3 Delgadillo.<\/p>\n\n\n\n<p>Enfatiz\u00f3 en que la lucha por la verdad y justicia para las m\u00e1s de 61 mil personas desaparecidas en M\u00e9xico, contin\u00faa; por lo que hizo un llamado a los diputados del Congreso del Estado de Hidalgo, a que esta contingencia derivada del contagio del Covid-19, no sea excusa para retrasar los trabajos para la implementaci\u00f3n de la Ley General en materia de Desaparici\u00f3n Forzada en Hidalgo.<\/p>\n\n\n\n<p>\u201cEs importante y urgente avanzar en los diversos procesos de armonizaci\u00f3n legislativa en materia de Derechos Humanos, desaparici\u00f3n forzada y desaparici\u00f3n por particulares a nivel local, pues mientras esta situaci\u00f3n se resuelve, podr\u00edan avanzar con trabajo de escritorio que no implica salir a campo\u201d, se\u00f1ala Juntos Por Hidalgo a trav\u00e9s de un comunicado.<\/p>\n\n\n\n<p>La asociaci\u00f3n subray\u00f3 que durante esta pandemia, es cuando m\u00e1s indefensas y vulnerables se encuentran las v\u00edctimas de desaparici\u00f3n forzada y desaparici\u00f3n por particulares, as\u00ed como sus familias, y v\u00edctimas de violaciones a derechos humanos; sobre todo, sin una legislaci\u00f3n que proteja y defienda sus derechos.<\/p>\n\n\n\n<p>Lizbeth Delgadillo se\u00f1al\u00f3 que con el hashtag #CorazonesEnMarcha, se realiz\u00f3 una movilizaci\u00f3n de manera digital a nivel nacional, \u201cpara reiterar la exigencia de todas las madres mexicanas que buscan a sus hijos, tenemos confianza en que pronto, todas y todos los hidalguenses conseguiremos los mismos derechos que el resto de los ciudadanos del pa\u00eds\u201d, concluy\u00f3.<\/p>\n","protected":false},"excerpt":{"rendered":"<p>Exigen a Congreso de Hidalgo que contingencia no sea excusa para detener trabajos sobre este tema&nbsp;&nbsp;<\/p>\n","protected":false},"author":70,"featured_media":0,"comment_status":"closed","ping_status":"open","sticky":false,"template":"","format":"standard","meta":{"footnotes":""},"categories":[40],"tags":[],"class_list":["post-109563","post","type-post","status-publish","format-standard","hentry","category-region"],"_links":{"self":[{"href":"https:\/\/plazajuarez.mx\/historico\/wp-json\/wp\/v2\/posts\/109563","targetHints":{"allow":["GET"]}}],"collection":[{"href":"https:\/\/plazajuarez.mx\/historico\/wp-json\/wp\/v2\/posts"}],"about":[{"href":"https:\/\/plazajuarez.mx\/historico\/wp-json\/wp\/v2\/types\/post"}],"author":[{"embeddable":true,"href":"https:\/\/plazajuarez.mx\/historico\/wp-json\/wp\/v2\/users\/70"}],"replies":[{"embeddable":true,"href":"https:\/\/plazajuarez.mx\/historico\/wp-json\/wp\/v2\/comments?post=109563"}],"version-history":[{"count":0,"href":"https:\/\/plazajuarez.mx\/historico\/wp-json\/wp\/v2\/posts\/109563\/revisions"}],"wp:attachment":[{"href":"https:\/\/plazajuarez.mx\/historico\/wp-json\/wp\/v2\/media?parent=109563"}],"wp:term":[{"taxonomy":"category","embeddable":true,"href":"https:\/\/plazajuarez.mx\/historico\/wp-json\/wp\/v2\/categories?post=109563"},{"taxonomy":"post_tag","embeddable":true,"href":"https:\/\/plazajuarez.mx\/historico\/wp-json\/wp\/v2\/tags?post=109563"}],"curies":[{"name":"wp","href":"https:\/\/api.w.org\/{rel}","templated":true}]}}