{"id":109066,"date":"2020-05-12T06:00:00","date_gmt":"2020-05-12T06:00:00","guid":{"rendered":"https:\/\/plazajuarez.mx\/?p=109066"},"modified":"2020-05-12T04:02:52","modified_gmt":"2020-05-12T04:02:52","slug":"aparatosa-volcadura-en-el-bulevar-centenario","status":"publish","type":"post","link":"https:\/\/plazajuarez.mx\/historico\/aparatosa-volcadura-en-el-bulevar-centenario\/","title":{"rendered":"Aparatosa volcadura en el bulevar Centenario"},"content":{"rendered":"\n<ul class=\"wp-block-list\"><li><strong>Por fortuna, a pesar de su aparente irresponsabilidad, el conductor result\u00f3 ileso<\/strong><\/li><\/ul>\n\n\n\n<!--more-->\n\n\n\n<p>Un hombre de 26 a\u00f1os de edad sufri\u00f3 una volcadura cuando circulaba sobre el bulevar Centenario, en un autom\u00f3vil Jetta. Para fortuna del conductor el accidente no le provoc\u00f3 lesiones de gravedad.<\/p>\n\n\n\n<p>El incidente vehicular se registr\u00f3 a las 09:40 horas del s\u00e1bado, en el carril con direcci\u00f3n a la carretera Tulancingo\u2013Cuautepec.&nbsp;<\/p>\n\n\n\n<p>El conductor de 26 a\u00f1os de edad y residente del municipio de Cuautepec fue atendido en el lugar de los hechos por elementos de la Cruz Roja. No hubo necesidad de ser trasladado a un nosocomio.<\/p>\n\n\n\n<p>Se presume que la causa de la volcadura haya sido el exceso de velocidad, sin embargo, ser\u00e1n las autoridades correspondientes quienes confirmen o&nbsp; desmientan.<\/p>\n\n\n\n<p>De acuerdo con reportes policiales, no hubo afectaci\u00f3n a la infraestructura carretera, s\u00f3lo los da\u00f1os que&nbsp; sufri\u00f3 el autom\u00f3vil, Volkswagen Jetta, color blanco.<\/p>\n","protected":false},"excerpt":{"rendered":"<p>Por fortuna, a pesar de su aparente irresponsabilidad, el conductor result\u00f3 ileso<\/p>\n","protected":false},"author":93,"featured_media":0,"comment_status":"closed","ping_status":"open","sticky":false,"template":"","format":"standard","meta":{"footnotes":""},"categories":[40],"tags":[],"class_list":["post-109066","post","type-post","status-publish","format-standard","hentry","category-region"],"_links":{"self":[{"href":"https:\/\/plazajuarez.mx\/historico\/wp-json\/wp\/v2\/posts\/109066","targetHints":{"allow":["GET"]}}],"collection":[{"href":"https:\/\/plazajuarez.mx\/historico\/wp-json\/wp\/v2\/posts"}],"about":[{"href":"https:\/\/plazajuarez.mx\/historico\/wp-json\/wp\/v2\/types\/post"}],"author":[{"embeddable":true,"href":"https:\/\/plazajuarez.mx\/historico\/wp-json\/wp\/v2\/users\/93"}],"replies":[{"embeddable":true,"href":"https:\/\/plazajuarez.mx\/historico\/wp-json\/wp\/v2\/comments?post=109066"}],"version-history":[{"count":0,"href":"https:\/\/plazajuarez.mx\/historico\/wp-json\/wp\/v2\/posts\/109066\/revisions"}],"wp:attachment":[{"href":"https:\/\/plazajuarez.mx\/historico\/wp-json\/wp\/v2\/media?parent=109066"}],"wp:term":[{"taxonomy":"category","embeddable":true,"href":"https:\/\/plazajuarez.mx\/historico\/wp-json\/wp\/v2\/categories?post=109066"},{"taxonomy":"post_tag","embeddable":true,"href":"https:\/\/plazajuarez.mx\/historico\/wp-json\/wp\/v2\/tags?post=109066"}],"curies":[{"name":"wp","href":"https:\/\/api.w.org\/{rel}","templated":true}]}}