{"id":109007,"date":"2020-05-12T06:00:00","date_gmt":"2020-05-12T06:00:00","guid":{"rendered":"https:\/\/plazajuarez.mx\/?p=109007"},"modified":"2020-05-12T03:21:49","modified_gmt":"2020-05-12T03:21:49","slug":"cine-de-ayer-11","status":"publish","type":"post","link":"https:\/\/plazajuarez.mx\/historico\/cine-de-ayer-11\/","title":{"rendered":"CINE DE AYER"},"content":{"rendered":"\n<p><strong>Recordando a Valent\u00edn Trujillo<\/strong><\/p>\n\n\n\n<ul class=\"wp-block-list\"><li><strong>La mayor\u00eda de sus \u00faltimos trabajos eran videohomes que nunca se exhibieron en salas cinematogr\u00e1ficas<\/strong><\/li><\/ul>\n\n\n\n<!--more-->\n\n\n\n<p>Los programadores de A+ se pusieron creativos y a principios de semana hicieron un mini homenaje al actor Valent\u00edn Trujillo, exhibiendo tres de sus 142 trabajos f\u00edlmicos, al cumplirse 16 a\u00f1os de su fallecimiento.<\/p>\n\n\n\n<p>Conviene se\u00f1alar que no eran de lo mejor de la filmograf\u00eda de este actor nacido en Atotonilco, el 28 de marzo de 1951, como &#8220;Ratas de la ciudad&#8221;, &#8220;Violaci\u00f3n&#8221; o &#8220;El secuestro de un periodista&#8221;.<\/p>\n\n\n\n<p>La mayor\u00eda de sus \u00faltimos trabajos eran videohomes que nunca se exhibieron en salas cinematogr\u00e1ficas, como es el caso de Jefe policiaco.<\/p>\n\n\n\n<p>Filmada en 1990 por el destajista Miguel Marte, resulta un curioso thriller en el que Valent\u00edn interpreta a un polic\u00eda que se enfrenta a un jefe corrupto (Mario Cid) que golpea a su esposa (Rosenda Bernal), con la que tuvo una aventura, por lo que al tener sus hijos un noviazgo, descubren que son hermanos.<\/p>\n\n\n\n<p>Igualmente rid\u00edcula resulta &#8220;Raza de v\u00edboras&#8221; de Ren\u00e9 Cardona.<\/p>\n\n\n\n<p>Filmada en Colombia en 1975 con un gui\u00f3n del propio realizador y M\u00e1ximo Giuseppe Alviani, pretende ser una saga al estilo de Do\u00f1a B\u00e1rbara o Canaima.<\/p>\n\n\n\n<p>Aqu\u00ed Valent\u00edn es el hermano bueno de Fabi\u00e1n, a quien sus padres permiten toda clase de salvajadas como matar y quemar el ganado del vecino, porque piensa que est\u00e1 enfermo; o quiere correr del monte a un viejo (el propio Cardona recitando el nombre de la pel\u00edcula) y a su escultural nieta (Rebeca Silva, a la que apodaban el cuerpo, lo que no impidi\u00f3 que tuviera que ser doblada), como ocurri\u00f3 a otros actores que conservaban el acento local, que manten\u00edan otros como Franky Linero.<\/p>\n\n\n\n<p>&#8220;Cacer\u00eda humana&#8221; filmada 11 a\u00f1os despu\u00e9s por el propio Valent\u00edn, es un thriller en el que un joven descubre que la muerte de su hermano no fue accidental y trata de encontrar a los culpables.<\/p>\n\n\n\n<p>Un p\u00e1lido homenaje a un prol\u00edfico actor y director, al que no conocen las nuevas generaciones. &nbsp; &nbsp;<\/p>\n","protected":false},"excerpt":{"rendered":"<p>Recordando a Valent\u00edn Trujillo La mayor\u00eda de sus \u00faltimos trabajos eran videohomes que nunca se exhibieron en salas cinematogr\u00e1ficas<\/p>\n","protected":false},"author":96,"featured_media":0,"comment_status":"closed","ping_status":"open","sticky":false,"template":"","format":"standard","meta":{"footnotes":""},"categories":[41,54],"tags":[],"class_list":["post-109007","post","type-post","status-publish","format-standard","hentry","category-arteria-cultural","category-jorge-carrasco"],"_links":{"self":[{"href":"https:\/\/plazajuarez.mx\/historico\/wp-json\/wp\/v2\/posts\/109007","targetHints":{"allow":["GET"]}}],"collection":[{"href":"https:\/\/plazajuarez.mx\/historico\/wp-json\/wp\/v2\/posts"}],"about":[{"href":"https:\/\/plazajuarez.mx\/historico\/wp-json\/wp\/v2\/types\/post"}],"author":[{"embeddable":true,"href":"https:\/\/plazajuarez.mx\/historico\/wp-json\/wp\/v2\/users\/96"}],"replies":[{"embeddable":true,"href":"https:\/\/plazajuarez.mx\/historico\/wp-json\/wp\/v2\/comments?post=109007"}],"version-history":[{"count":0,"href":"https:\/\/plazajuarez.mx\/historico\/wp-json\/wp\/v2\/posts\/109007\/revisions"}],"wp:attachment":[{"href":"https:\/\/plazajuarez.mx\/historico\/wp-json\/wp\/v2\/media?parent=109007"}],"wp:term":[{"taxonomy":"category","embeddable":true,"href":"https:\/\/plazajuarez.mx\/historico\/wp-json\/wp\/v2\/categories?post=109007"},{"taxonomy":"post_tag","embeddable":true,"href":"https:\/\/plazajuarez.mx\/historico\/wp-json\/wp\/v2\/tags?post=109007"}],"curies":[{"name":"wp","href":"https:\/\/api.w.org\/{rel}","templated":true}]}}