{"id":108886,"date":"2020-05-11T06:00:00","date_gmt":"2020-05-11T06:00:00","guid":{"rendered":"https:\/\/plazajuarez.mx\/?p=108886"},"modified":"2020-05-11T03:34:17","modified_gmt":"2020-05-11T03:34:17","slug":"las-celebraciones-del-dia-de-la-madre-en-casa","status":"publish","type":"post","link":"https:\/\/plazajuarez.mx\/historico\/las-celebraciones-del-dia-de-la-madre-en-casa\/","title":{"rendered":"Las celebraciones del D\u00eda de la Madre, en casa"},"content":{"rendered":"\n<ul class=\"wp-block-list\"><li><strong>Principalmente comida casera, videos y mensajes<\/strong><\/li><\/ul>\n\n\n\n<!--more-->\n\n\n\n<p>Ante la medida preventiva de aislamiento social para evitar la transmisi\u00f3n de Covid-19, la celebraci\u00f3n del D\u00eda de las Madres se desarroll\u00f3 de diferente formas, con comidas, videos y m\u00fasica especial.<\/p>\n\n\n\n<p>Al realizar una encuesta por redes sociales, algunas de las respuestas indican dejar descansar a mam\u00e1, realizando los deberes de la casa los integrantes de la familia que comparten el mismo techo.<\/p>\n\n\n\n<p>Dentro de las respuestas destacan acciones sencillas: \u201cs\u00f3lo sal\u00ed para comprar las cosas esenciales para hacerle un mole y una pasta\u201d.<\/p>\n\n\n\n<p>Otras personas agregaron m\u00e1s&nbsp; detalles: \u201ca mi mami la despert\u00e9 a las 10 de la ma\u00f1ana para abrazarla y mimarla como si yo fuera un gatito. Despu\u00e9s desayunamos juntos y le pusimos \u2018Woman\u2019, de John Lennon. Le cocinamos spaghetti a la bolo\u00f1esa\u201d.<\/p>\n\n\n\n<p>Otros, recordaron momentos: \u201ccomo inicio fue su desayuno, comenzamos a ver fotograf\u00edas de otros 10 de Mayo y contamos an\u00e9cdotas de c\u00f3mo mi mam\u00e1 nos ayud\u00f3 y siempre estuvo ah\u00ed presente. Le hicimos su comida favorita, en la tarde y noche vimos sus pel\u00edculas favoritas\u201d.<\/p>\n\n\n\n<p>Unos encuestados tuvieron que coordinarse con m\u00e1s miembros del hogar: \u201cle hice un video a mi mam\u00e1 y como ahorita estoy con mis abuelos y mi t\u00eda, nos pusimos de acuerdo para hacerles una comidita, algo peque\u00f1o y cantarles\u201d.<\/p>\n\n\n\n<p>Tambi\u00e9n utilizaron la tecnolog\u00eda para escuchar y ver a sus seres queridos: \u201ccon una comida en casa y disfrutando el tiempo de calidad y con familiares por medio de videollamadas\u201d.<\/p>\n\n\n\n<p>Algunos festejos se juntaron coincidentemente con otras celebraciones; \u201cdesde que empez\u00f3 la contingencia me vine a mi adorado Agua Blanca donde vive toda mi familia, hoy despert\u00e9 con muchas sorpresas, la primera de ella, la Miss de sal\u00f3n de mi hija nos cant\u00f3 las ma\u00f1anitas a trav\u00e9s de la aplicaci\u00f3n Zoom, despu\u00e9s mi hija me regal\u00f3 una carta hecha por ella y por primera vez me prepar\u00f3 el desayuno\u201d.<\/p>\n\n\n\n<p>Pese a la contingencia sanitaria, la celebraci\u00f3n del D\u00eda de la Madre no pas\u00f3 inadvertida, los festejos no fueron en restaurantes, plazas o cines, fueron en casa en donde la imaginaci\u00f3n jug\u00f3 un papel importante.<\/p>\n","protected":false},"excerpt":{"rendered":"<p>Principalmente comida casera, videos y mensajes<\/p>\n","protected":false},"author":73,"featured_media":0,"comment_status":"closed","ping_status":"open","sticky":false,"template":"","format":"standard","meta":{"footnotes":""},"categories":[59],"tags":[],"class_list":["post-108886","post","type-post","status-publish","format-standard","hentry","category-general"],"_links":{"self":[{"href":"https:\/\/plazajuarez.mx\/historico\/wp-json\/wp\/v2\/posts\/108886","targetHints":{"allow":["GET"]}}],"collection":[{"href":"https:\/\/plazajuarez.mx\/historico\/wp-json\/wp\/v2\/posts"}],"about":[{"href":"https:\/\/plazajuarez.mx\/historico\/wp-json\/wp\/v2\/types\/post"}],"author":[{"embeddable":true,"href":"https:\/\/plazajuarez.mx\/historico\/wp-json\/wp\/v2\/users\/73"}],"replies":[{"embeddable":true,"href":"https:\/\/plazajuarez.mx\/historico\/wp-json\/wp\/v2\/comments?post=108886"}],"version-history":[{"count":0,"href":"https:\/\/plazajuarez.mx\/historico\/wp-json\/wp\/v2\/posts\/108886\/revisions"}],"wp:attachment":[{"href":"https:\/\/plazajuarez.mx\/historico\/wp-json\/wp\/v2\/media?parent=108886"}],"wp:term":[{"taxonomy":"category","embeddable":true,"href":"https:\/\/plazajuarez.mx\/historico\/wp-json\/wp\/v2\/categories?post=108886"},{"taxonomy":"post_tag","embeddable":true,"href":"https:\/\/plazajuarez.mx\/historico\/wp-json\/wp\/v2\/tags?post=108886"}],"curies":[{"name":"wp","href":"https:\/\/api.w.org\/{rel}","templated":true}]}}