{"id":108797,"date":"2020-05-11T06:00:00","date_gmt":"2020-05-11T06:00:00","guid":{"rendered":"https:\/\/plazajuarez.mx\/?p=108797"},"modified":"2020-05-11T02:31:45","modified_gmt":"2020-05-11T02:31:45","slug":"la-magia-de-mario-benedetti-en-el-aqui-y-ahora","status":"publish","type":"post","link":"https:\/\/plazajuarez.mx\/historico\/la-magia-de-mario-benedetti-en-el-aqui-y-ahora\/","title":{"rendered":"La magia de Mario Benedetti en el Aqu\u00ed y ahora"},"content":{"rendered":"\n<ul class=\"wp-block-list\"><li><strong>Este es un texto del poeta uruguayo, por cesi\u00f3n de la Fundaci\u00f3n Benedetti, y al que seguir\u00e1n otros, el segundo fin de semana de cada mes<\/strong><\/li><\/ul>\n\n\n\n<!--more-->\n\n\n\n<p><strong>El tema y el \u00e1mbito: <\/strong>El primer malentendido consiste, evidentemente, en confundir literatura con periodismo, novela con reportaje. Despu\u00e9s de tanto denuedo contra una literatura de ojos vendados, no caigamos ahora en el burdo simplismo de difundir que lo instant\u00e1neo siempre es literatura, de tomar lo verdadero como \u00fanica garant\u00eda de lo est\u00e9tico. Cuento realista o cuento fant\u00e1stico, ambos deben cumplir en primer t\u00e9rmino con las exigencias del g\u00e9nero literario a que pertenecen. Drama militante o comedia de costumbres, ambos, antes que militancia o costumbrismo, deben funcionar como el teatro que dicen ser. Las diferenciaciones sobrevienen despu\u00e9s, a partir del cumplimiento con las reglas del juego. No alcanza con el realismo o la fantas\u00eda, con la militancia o el costumbrismo, para asegurar la calidad literaria, el nivel art\u00edstico de una obra.<\/p>\n\n\n\n<p>El segundo malentendido viene, quiz\u00e1, de confundir el tema con el \u00e1mbito. Palabras esot\u00e9ricamente locales, como &#8220;conventillo, estancia u oficina&#8221; (+), son a veces abordadas como temas, cuando en realidad solo son \u00e1mbitos. Desde el punto de vista del oficiante literario, el narrador debe encontrar el tema para desarrollarlo en un \u00e1mbito determinado. Un tema de celos, de angustia, de crueldad, tanto puede desarrollarse en una estancia como en un conventillo; o sea, que en el famoso &#8220;aqu\u00ed&#8221; (+) caben todos los grandes temas de la literatura universal. Uno de los motivos de la exigencia del &#8220;aqu\u00ed&#8221; (+) en la actitud de casi todos los hombres del 45, fue justamente la pretensi\u00f3n de que esos grandes temas no corrieran el riesgo de proceder incoloros, desasidos, lejanos. Los enemigos del &#8220;aqu\u00ed y ahora&#8221; (+) ponen un gran \u00e9nfasis en defender la primac\u00eda de lo imaginario puro, sin ra\u00edces de tiempo o de lugar; los fr\u00edvolos ac\u00f3litos (no, por supuesto, los conscientes realizadores) del lema, fan\u00e1ticos del tiempo y del lugar; olvidan subordinar lugar y tiempo a los comandos de lo imaginario (de lo imaginario felizmente impuro, o sea contaminado por lo real).<\/p>\n\n\n\n<p>Despu\u00e9s de todo, conviene recordar que si bien algunas veces el fin puede justificar los medios, pocos hasta ahora han osado propugnar que el medio pueda justificar los fines.<\/p>\n","protected":false},"excerpt":{"rendered":"<p>Este es un texto del poeta uruguayo, por cesi\u00f3n de la Fundaci\u00f3n Benedetti, y al que seguir\u00e1n otros, el segundo fin de semana de cada mes<\/p>\n","protected":false},"author":80,"featured_media":0,"comment_status":"closed","ping_status":"open","sticky":false,"template":"","format":"standard","meta":{"footnotes":""},"categories":[41],"tags":[],"class_list":["post-108797","post","type-post","status-publish","format-standard","hentry","category-arteria-cultural"],"_links":{"self":[{"href":"https:\/\/plazajuarez.mx\/historico\/wp-json\/wp\/v2\/posts\/108797","targetHints":{"allow":["GET"]}}],"collection":[{"href":"https:\/\/plazajuarez.mx\/historico\/wp-json\/wp\/v2\/posts"}],"about":[{"href":"https:\/\/plazajuarez.mx\/historico\/wp-json\/wp\/v2\/types\/post"}],"author":[{"embeddable":true,"href":"https:\/\/plazajuarez.mx\/historico\/wp-json\/wp\/v2\/users\/80"}],"replies":[{"embeddable":true,"href":"https:\/\/plazajuarez.mx\/historico\/wp-json\/wp\/v2\/comments?post=108797"}],"version-history":[{"count":0,"href":"https:\/\/plazajuarez.mx\/historico\/wp-json\/wp\/v2\/posts\/108797\/revisions"}],"wp:attachment":[{"href":"https:\/\/plazajuarez.mx\/historico\/wp-json\/wp\/v2\/media?parent=108797"}],"wp:term":[{"taxonomy":"category","embeddable":true,"href":"https:\/\/plazajuarez.mx\/historico\/wp-json\/wp\/v2\/categories?post=108797"},{"taxonomy":"post_tag","embeddable":true,"href":"https:\/\/plazajuarez.mx\/historico\/wp-json\/wp\/v2\/tags?post=108797"}],"curies":[{"name":"wp","href":"https:\/\/api.w.org\/{rel}","templated":true}]}}