{"id":108796,"date":"2020-05-11T06:00:00","date_gmt":"2020-05-11T06:00:00","guid":{"rendered":"https:\/\/plazajuarez.mx\/?p=108796"},"modified":"2020-05-11T02:30:55","modified_gmt":"2020-05-11T02:30:55","slug":"mariachis-de-mexico-cantan-a-las-madres-confinadas-en-su-dia","status":"publish","type":"post","link":"https:\/\/plazajuarez.mx\/historico\/mariachis-de-mexico-cantan-a-las-madres-confinadas-en-su-dia\/","title":{"rendered":"Mariachis de M\u00e9xico cantan a las madres confinadas en su d\u00eda"},"content":{"rendered":"\n<h1 class=\"wp-block-heading\"><\/h1>\n\n\n\n<ul class=\"wp-block-list\"><li><strong>El D\u00edade las Madres es una jornada muy significativa en M\u00e9xico, en la que las familias se re\u00fanen y hacen regalos a madres y abuelas, pero esta vez, en muchos casos, fue imposible<\/strong><\/li><\/ul>\n\n\n\n<!--more-->\n\n\n\n<p>M\u00e9xico vivi\u00f3 este domingo un D\u00eda de las Madres at\u00edpico bajo el confinamiento por el Covid-19 en el que mariachis protagonizaron un concierto virtual para las madres confinadas por la pandemia y grupos de serenatas fueron a los hospitales para animar a las trabajadoras sanitarias.<\/p>\n\n\n\n<p>Desde el famosos teatro Esperanza Iris de la capital mexicana, 16 agrupaciones de mariachis retransmitieron un espect\u00e1culo virtual dedicado a las madres mexicanas que comenz\u00f3, como no podr\u00eda ser de otra forma, con &#8220;Las ma\u00f1anitas&#8221;.<\/p>\n\n\n\n<p>El concierto fue ideado por el colectivo Salvemos al Mariachi, fundado por varios grupos de la Plaza Garibaldi, centro neur\u00e1lgico del mariachi en Ciudad de M\u00e9xico, para dar visibilidad a su delicada situaci\u00f3n por la crisis derivada del coronavirus SARS-CoV-2.<\/p>\n\n\n\n<p>Para subir los \u00e1nimos en tiempos de confinamiento, autoridades de diversos municipios del pa\u00eds mandaron serenatas a hospitales para cantar tambi\u00e9n a las madres que est\u00e1n trabajando en primera l\u00ednea de la pandemia.<\/p>\n\n\n\n<p>En la ciudad de Guadalajara, cuna de este g\u00e9nero musical, grupos protegidos con cubrebocas entraron en el Hospital Civil para cantar a las enfermeras, mientras que en Monterrey una banda del Ej\u00e9rcito mexicano interpret\u00f3 una serenata frente a un centro m\u00e9dico que atiende a enfermos de Covid-19.<\/p>\n\n\n\n<p>Tambi\u00e9n hubo iniciativas parecidas en Ciudad de M\u00e9xico, donde una banda musical de la Polic\u00eda local interpret\u00f3 varias canciones populares frente a un complejo de edificios del humilde barrio de Tlatelolco.<\/p>\n\n\n\n<p>El D\u00eda de las Madres es una jornada muy significativa en M\u00e9xico, en la que las familias se re\u00fanen y hacen regalos a madres y abuelas, pero este a\u00f1o las autoridades pidieron a los ciudadanos quedarse en casa para evitar contagios de Covid-19, que lleva 3.353 fallecidos y 33.460 enfermos confirmados en el pa\u00eds.<\/p>\n\n\n\n<p>Autoridades locales de todo el pa\u00eds cerraron los cementerios, para que la ciudadan\u00eda no fuera a visitar a sus madres fallecidas, as\u00ed como pasteler\u00edas y florister\u00edas con el objetivo de evitar festejos y aglomeraciones.<\/p>\n\n\n\n<p>En M\u00e9xico, el D\u00eda de las Madres se festeja el 10 de mayo desde 1922 por institucionalizaci\u00f3n del entonces secretario de Educaci\u00f3n P\u00fablica, Jos\u00e9 Vasconcelos.<\/p>\n","protected":false},"excerpt":{"rendered":"<p>El D\u00edade las Madres es una jornada muy significativa en M\u00e9xico, en la que las familias se re\u00fanen y hacen regalos a madres y abuelas, pero esta vez, en muchos casos, fue imposible<\/p>\n","protected":false},"author":80,"featured_media":0,"comment_status":"closed","ping_status":"open","sticky":false,"template":"","format":"standard","meta":{"footnotes":""},"categories":[41],"tags":[],"class_list":["post-108796","post","type-post","status-publish","format-standard","hentry","category-arteria-cultural"],"_links":{"self":[{"href":"https:\/\/plazajuarez.mx\/historico\/wp-json\/wp\/v2\/posts\/108796","targetHints":{"allow":["GET"]}}],"collection":[{"href":"https:\/\/plazajuarez.mx\/historico\/wp-json\/wp\/v2\/posts"}],"about":[{"href":"https:\/\/plazajuarez.mx\/historico\/wp-json\/wp\/v2\/types\/post"}],"author":[{"embeddable":true,"href":"https:\/\/plazajuarez.mx\/historico\/wp-json\/wp\/v2\/users\/80"}],"replies":[{"embeddable":true,"href":"https:\/\/plazajuarez.mx\/historico\/wp-json\/wp\/v2\/comments?post=108796"}],"version-history":[{"count":0,"href":"https:\/\/plazajuarez.mx\/historico\/wp-json\/wp\/v2\/posts\/108796\/revisions"}],"wp:attachment":[{"href":"https:\/\/plazajuarez.mx\/historico\/wp-json\/wp\/v2\/media?parent=108796"}],"wp:term":[{"taxonomy":"category","embeddable":true,"href":"https:\/\/plazajuarez.mx\/historico\/wp-json\/wp\/v2\/categories?post=108796"},{"taxonomy":"post_tag","embeddable":true,"href":"https:\/\/plazajuarez.mx\/historico\/wp-json\/wp\/v2\/tags?post=108796"}],"curies":[{"name":"wp","href":"https:\/\/api.w.org\/{rel}","templated":true}]}}