{"id":108562,"date":"2020-05-09T06:00:22","date_gmt":"2020-05-09T06:00:22","guid":{"rendered":"https:\/\/plazajuarez.mx\/?p=108562"},"modified":"2020-05-09T02:42:29","modified_gmt":"2020-05-09T02:42:29","slug":"el-regreso-de-messi-a-entrenar-con-el-barcelona","status":"publish","type":"post","link":"https:\/\/plazajuarez.mx\/historico\/el-regreso-de-messi-a-entrenar-con-el-barcelona\/","title":{"rendered":"EL REGRESO DE MESSI A ENTRENAR CON EL BARCELONA"},"content":{"rendered":"\n<ul class=\"wp-block-list\"><li><strong>Desde el mi\u00e9rcoles, la plantilla blaugrana fue sometida a ex\u00e1menes m\u00e9dicos. Ninguno arroj\u00f3 positivo a covid-19.<\/strong><\/li><\/ul>\n\n\n\n<!--more-->\n\n\n\n<p>Despu\u00e9s de recibir la autorizaci\u00f3n del Gobierno Espa\u00f1ol, los clubes de Primera y Segunda Divisi\u00f3n regresaron a sus campamentos para entrenar, pero bajo un protocolo de sanidad estricto para evitar la propagaci\u00f3n del coronavirus, incluso para Lionel Messi.<br><br>Desde el mi\u00e9rcoles, la plantilla blaugrana fue sometida a ex\u00e1menes m\u00e9dicos. Ninguno arroj\u00f3 positivo a covid-19.<br><br>El entrenamiento fue por grupos y Messi fue de los primeros en terminar tras una sesi\u00f3n de poco m\u00e1s de una hora, lo mismo que el uruguayo Luis Su\u00e1rez y el chileno Arturo Vidal.<br><br>Para este fin, se utilizaron tres canchas y los grupos estaban conformados por tres futbolistas, pero con la indicaci\u00f3n de respetar la sana distancia.<br><br>Messi, al igual que el resto de los jugadores, arrib\u00f3 ya con la vestimenta de entrenamiento, debido a que est\u00e1 prohibido el uso de los vestidores y regaderas. Y para retirarse, los jugadores deb\u00edan instalar una capa de pl\u00e1stico en sus veh\u00edculos, para evitar un posible contagio.<br><br>Los primer grupo de trabajo estuvo conformado por Messi, Su\u00e1rez, Vidal, Marc Ter Stegen, Sergi Roberto, Antoine Griezmann, Clement Lenglet, Gerard Piqu\u00e9, Samuel Umtiti, Jordi Alba y Junior Firpo, seg\u00fan reportaron los medios locales.<br><br>El segundo grupo en reportarse en las instalaciones cul\u00e9s, fueron Neto, Semedo, Sergio Busquets, Frenkie de Jong, Martin Braithwaite, Arthur e Ivan Rakitic.<br><br>La ausencia notable en el cuadro de Quique Seti\u00e9n es la de Ousmane Demb\u00e9l\u00e9, por lesi\u00f3n.<\/p>\n\n\n\n<p><strong>Liga espa\u00f1ola ampl\u00eda a 23 los convocados y 5 cambios en reanudaci\u00f3n<\/strong><\/p>\n\n\n\n<p>Por otro lado, La Comisi\u00f3n Delegada de la Federaci\u00f3n Espa\u00f1ola de F\u00fatbol (RFEF) ha ratificado la propuesta para resolver las competiciones no profesionales y ha aprobado ampliar a 23 jugadores las convocatorias en Primera y Segunda divisi\u00f3n, y a 20 en el resto de categor\u00edas, adem\u00e1s de cinco cambios por equipo en cada partido.&nbsp;<\/p>\n\n\n\n<p>Seg\u00fan la propuesta de la Comisi\u00f3n de presidentes de territoriales y la junta directiva suscrita este viernes, las fases regulares de las competiciones federativas concluir\u00e1n sin descensos y disputar\u00e1n la fase final o play-off, en el caso de haberla, en formato expr\u00e9s y sin afluencia de p\u00fablico, con un intervalo m\u00ednimo de 72 horas entre los partidos, salvo en categor\u00edas juveniles donde se da por terminada la temporada y se practican los ascensos.&nbsp;<\/p>\n\n\n\n<p>La RFEF tambi\u00e9n confirm\u00f3 que su Comisi\u00f3n Delegada aprob\u00f3 por unanimidad la ampliaci\u00f3n a 5 cambios por equipo en los partidos de todas las categor\u00edas nacionales de manera extraordinaria, medida autorizada este viernes por la IFAB (International Football Board) y que se podr\u00e1 realizar en tres momentos del encuentro para proteger la salud de los jugadores.&nbsp;<\/p>\n\n\n\n<p>La nueva regla de la IFAB se aplicar\u00e1, tambi\u00e9n con toda su extensi\u00f3n, en los &#8216;play-off&#8217; dise\u00f1ados para la resoluci\u00f3n de competiciones.&nbsp;<\/p>\n\n\n\n<p>Igualmente se ha establecido que los equipos podr\u00e1n convocar para los partidos a 23 jugadores en Primera y Segunda divisi\u00f3n y a 20 en las fases de ascenso de Segunda Divisi\u00f3n B, Tercera Divisi\u00f3n y competici\u00f3n femenina.&nbsp;<\/p>\n\n\n\n<p>La Comisi\u00f3n acord\u00f3 tambi\u00e9n que el Comit\u00e9 o el Juez de Competici\u00f3n de la RFEF validar\u00e1n las posiciones de las diferentes competiciones para establecer la clasificaci\u00f3n.&nbsp;<\/p>\n\n\n\n<p>Si por cualquier raz\u00f3n no pudieran disputarse la totalidad de los partidos previstos en la normativa en relaci\u00f3n con las competiciones no profesionales, la Comisi\u00f3n Delegada deber\u00eda adoptar un nuevo acuerdo para la fijaci\u00f3n del sistema de finalizaci\u00f3n de las competiciones, precis\u00f3 la RFEF.&nbsp;<\/p>\n\n\n\n<p>Por \u00faltimo se ha dispuesto que en todas las categor\u00edas arbitrales (f\u00fatbol y f\u00fatbol sala) correspondientes a competiciones que no se puedan completar no habr\u00e1 descensos de \u00e1rbitros.&nbsp;<\/p>\n\n\n\n<p>La RFEF reiter\u00f3 que la decisi\u00f3n del desenlace de las competiciones se ha tomado teniendo en cuenta la informaci\u00f3n del Ministerio de Sanidad y del Consejo Superior de Deportes y est\u00e1 condicionada a la evoluci\u00f3n de la pandemia y a las recomendaciones de estos dos \u00f3rganos de gobierno.&nbsp;<\/p>\n","protected":false},"excerpt":{"rendered":"<p>Desde el mi\u00e9rcoles, la plantilla blaugrana fue sometida a ex\u00e1menes m\u00e9dicos. Ninguno arroj\u00f3 positivo a covid-19.<\/p>\n","protected":false},"author":80,"featured_media":0,"comment_status":"closed","ping_status":"open","sticky":false,"template":"","format":"standard","meta":{"footnotes":""},"categories":[39],"tags":[],"class_list":["post-108562","post","type-post","status-publish","format-standard","hentry","category-deportiva"],"_links":{"self":[{"href":"https:\/\/plazajuarez.mx\/historico\/wp-json\/wp\/v2\/posts\/108562","targetHints":{"allow":["GET"]}}],"collection":[{"href":"https:\/\/plazajuarez.mx\/historico\/wp-json\/wp\/v2\/posts"}],"about":[{"href":"https:\/\/plazajuarez.mx\/historico\/wp-json\/wp\/v2\/types\/post"}],"author":[{"embeddable":true,"href":"https:\/\/plazajuarez.mx\/historico\/wp-json\/wp\/v2\/users\/80"}],"replies":[{"embeddable":true,"href":"https:\/\/plazajuarez.mx\/historico\/wp-json\/wp\/v2\/comments?post=108562"}],"version-history":[{"count":0,"href":"https:\/\/plazajuarez.mx\/historico\/wp-json\/wp\/v2\/posts\/108562\/revisions"}],"wp:attachment":[{"href":"https:\/\/plazajuarez.mx\/historico\/wp-json\/wp\/v2\/media?parent=108562"}],"wp:term":[{"taxonomy":"category","embeddable":true,"href":"https:\/\/plazajuarez.mx\/historico\/wp-json\/wp\/v2\/categories?post=108562"},{"taxonomy":"post_tag","embeddable":true,"href":"https:\/\/plazajuarez.mx\/historico\/wp-json\/wp\/v2\/tags?post=108562"}],"curies":[{"name":"wp","href":"https:\/\/api.w.org\/{rel}","templated":true}]}}