{"id":10796,"date":"2015-09-15T13:37:10","date_gmt":"2015-09-15T13:37:10","guid":{"rendered":"http:\/\/plazajuarez.mx\/index\/index.php\/2015\/09\/15\/el-oso-del-zoologico-municipal-podria-emigrar-a-puebla\/"},"modified":"2015-09-15T13:37:10","modified_gmt":"2015-09-15T13:37:10","slug":"el-oso-del-zoologico-municipal-podria-emigrar-a-puebla","status":"publish","type":"post","link":"https:\/\/plazajuarez.mx\/historico\/el-oso-del-zoologico-municipal-podria-emigrar-a-puebla\/","title":{"rendered":"El oso del zool\u00f3gico municipal podr\u00eda emigrar a Puebla"},"content":{"rendered":"<p><strong>Tulancingo <br \/><\/strong><\/p>\n<ul>\n<li><strong><strong>Hay un problema de espacio y h\u00e1bitat al interior del lugar; por lo cual buscan otorgarles condiciones m\u00e1s dignas para vivir<\/strong><\/strong> <!--more--> <\/li>\n<\/ul>\n<p>A tres semanas de que fueran reubicados cuatro peque\u00f1os leones del zool\u00f3gico municipal \u201cNicol\u00e1s Bravo\u201d, hacia un lugar en Denver, Colorado, ser\u00e1 ahora el oso quien emigre hacia otro lugar, con la finalidad de tener un mejor h\u00e1bitat para su sobrevivencia.<\/p>\n<p>\u00a0<\/p>\n<p>As\u00ed lo inform\u00f3 el secretario de Servicios Municipales en Tulancingo, Arturo Roldan Vivanco, quien inici\u00f3 las pl\u00e1ticas para el traslado con personal de Africam Safari, durante el pasado mes de agosto.<\/p>\n<p>\u00a0<\/p>\n<p>El funcionario inform\u00f3 que, de acuerdo al plan de manejo interno con que cuenta el zool\u00f3gico, se prev\u00e9 reacomodar algunas especies; tal es el caso del oso, ya que necesita un mejor lugar para vivir.<\/p>\n<p>\u00a0<\/p>\n<p>Si prosperan las pl\u00e1ticas con el gerente del Africam Safari, en Puebla, ser\u00e1 dentro de los meses siguientes cuando este animal pueda ser trasladado; ya que tambi\u00e9n se tiene previsto reacomodar especies al interior del zool\u00f3gico municipal, para mejorar sus h\u00e1bitats.<\/p>\n<p>\u00a0<\/p>\n<p>\u201cEl resto ser\u00e1 reubicado al interior, por desgracia el espacio no se puede ampliar, lo que estamos haciendo es dar prioridad a la movilidad de los visitantes\u201d, indic\u00f3 Roldan Vivanco.<\/p>\n<p>\u00a0<\/p>\n<p>Detall\u00f3 tambi\u00e9n que adem\u00e1s del \u00e1rea del oso, el serpentario y algunos mam\u00edferos peque\u00f1os, son los espacios que desaparecer\u00e1n en los pr\u00f3ximos meses al interior del zool\u00f3gico.<\/p>\n<p>\u00a0<\/p>\n<p>Adem\u00e1s, dej\u00f3 abierta la posibilidad de donar m\u00e1s ejemplares, sobre todo los felinos, por el tema de la sobrepoblaci\u00f3n; en espec\u00edfico, se analiza la situaci\u00f3n de tres adultos y tres j\u00f3venes, principalmente por el espacio reducido con el que cuentan dichas especies.<\/p>\n<p>\u00a0<\/p>\n<p>\u201cQuiz\u00e1 tendremos una menor cantidad de especies, pero las tendremos en mejores condiciones de vida; tambi\u00e9n cambiaremos la movilidad de los visitantes\u201d, concluy\u00f3<\/p>\n","protected":false},"excerpt":{"rendered":"<p>Tulancingo Hay un problema de espacio y h\u00e1bitat al interior del lugar; por lo cual buscan otorgarles condiciones m\u00e1s dignas para vivir<\/p>\n","protected":false},"author":93,"featured_media":0,"comment_status":"open","ping_status":"open","sticky":false,"template":"","format":"standard","meta":{"footnotes":""},"categories":[40],"tags":[],"class_list":["post-10796","post","type-post","status-publish","format-standard","hentry","category-region"],"_links":{"self":[{"href":"https:\/\/plazajuarez.mx\/historico\/wp-json\/wp\/v2\/posts\/10796","targetHints":{"allow":["GET"]}}],"collection":[{"href":"https:\/\/plazajuarez.mx\/historico\/wp-json\/wp\/v2\/posts"}],"about":[{"href":"https:\/\/plazajuarez.mx\/historico\/wp-json\/wp\/v2\/types\/post"}],"author":[{"embeddable":true,"href":"https:\/\/plazajuarez.mx\/historico\/wp-json\/wp\/v2\/users\/93"}],"replies":[{"embeddable":true,"href":"https:\/\/plazajuarez.mx\/historico\/wp-json\/wp\/v2\/comments?post=10796"}],"version-history":[{"count":0,"href":"https:\/\/plazajuarez.mx\/historico\/wp-json\/wp\/v2\/posts\/10796\/revisions"}],"wp:attachment":[{"href":"https:\/\/plazajuarez.mx\/historico\/wp-json\/wp\/v2\/media?parent=10796"}],"wp:term":[{"taxonomy":"category","embeddable":true,"href":"https:\/\/plazajuarez.mx\/historico\/wp-json\/wp\/v2\/categories?post=10796"},{"taxonomy":"post_tag","embeddable":true,"href":"https:\/\/plazajuarez.mx\/historico\/wp-json\/wp\/v2\/tags?post=10796"}],"curies":[{"name":"wp","href":"https:\/\/api.w.org\/{rel}","templated":true}]}}