{"id":107854,"date":"2020-05-05T06:00:00","date_gmt":"2020-05-05T06:00:00","guid":{"rendered":"https:\/\/plazajuarez.mx\/?p=107854"},"modified":"2020-05-05T02:52:13","modified_gmt":"2020-05-05T02:52:13","slug":"letras-y-memorias-2","status":"publish","type":"post","link":"https:\/\/plazajuarez.mx\/historico\/letras-y-memorias-2\/","title":{"rendered":"Letras y Memorias"},"content":{"rendered":"\n<p><strong>Aniversario<\/strong><\/p>\n\n\n\n<ul class=\"wp-block-list\"><li><strong>\u201cLas venturas m\u00e1s dulces para el alma son las que nos llegan sin esperarlas\u201d<\/strong><\/li><\/ul>\n\n\n\n<!--more-->\n\n\n\n<p>Preso de la nada, resulta incre\u00edblemente interesante como es que las temporadas cambian de un d\u00eda a otro, de un mes a otro o en el lapso de un par de a\u00f1os.<\/p>\n\n\n\n<p>Resulta interesante dar un vistazo hacia el pasado y notar que son suspiros en el viento los que a veces alteran el curso de nuestros caminos, del camino propio. Es incre\u00edble el asimilar que la aventura en esta casa editorial tuvo su comienzo en mayo del 2018, y que el giro nuevo de esta vida lleg\u00f3 justo un par de a\u00f1os despu\u00e9s, en abril del 2020.<\/p>\n\n\n\n<p>Hace un par de a\u00f1os, un joven quer\u00eda comerse al mundo comenzando por la capital del estado, quer\u00eda llegar a tener un espacio como este para poder hablar con muchas personas de todo y de nada a la vez. Hace un par de a\u00f1os la vida era una y, luego de ciertos procesos, mentores y evoluciones, la vida result\u00f3 una nueva oportunidad de aventurarse a correr riesgos, a extender hacia nuevos horizontes las alas y, so\u00f1ar con las conquistas m\u00edticas de anta\u00f1o, pero ahora tornadas a modo de <em>Letras y Memorias.<\/em><\/p>\n\n\n\n<p>Los dos \u00faltimos a\u00f1os han sido una monta\u00f1a rusa llena de emociones y adrenalina, de gustos y disgustos, de desvelos y amaneceres radiantes. Y entre tazas de caf\u00e9 vespertinas y un colibr\u00ed atemporal y due\u00f1o de los d\u00edas, uno se encuentra aqu\u00ed, en este punto del camino y en este segmento de la existencia, agradecido por la oportunidad de tener noches complicadas en el trabajo, m\u00e1s por el hecho de tener un sustento, que por la cantidad de obst\u00e1culos superados; uno se siente agradecido por la experiencia obtenida y las amistades conocidas\u2026 el mayor orgullo y gusto de todo esto, es el haber coincidido con personas que le dan un giro a la rutina, y que te muestran las calles y los rincones del alma que no hab\u00edan sido explorados.<\/p>\n\n\n\n<p>Que han surgido momentos de penumbra, claro est\u00e1. Pero que no se cambian por nada porque sin ellos uno no se hubiera forjado, es tambi\u00e9n una realidad.<\/p>\n\n\n\n<p>Pero, \u00bfqu\u00e9 ser\u00eda de las estancias en uno u otro lugar, sin los retos diarios de un cierre de edici\u00f3n, sin los retos del desvelo y esa adrenalina al reinventar p\u00e1ginas y esperar que nada nuevo ocurra? La vida de quien se dedica a poner las piezas correctas en el rompecabezas que se le entrega armado d\u00eda a d\u00eda, no ser\u00eda la misma.<\/p>\n\n\n\n<p>Y aqu\u00ed estamos, aqu\u00ed estoy. Un par de a\u00f1os despu\u00e9s y con la angustia que la pandemia genera, pero con la esperanza renovada, as\u00ed como se renov\u00f3 el pasado a\u00f1o, cuando una luz lleg\u00f3 hasta el t\u00fanel para iluminar los anhelos y rescatar los sue\u00f1os.<\/p>\n\n\n\n<p>Distantes quedan las noches en las que un cigarrillo relajaba las tensiones, porque ahora son necesarias m\u00e1s bocanadas de las requeridas un par de a\u00f1os atr\u00e1s; distantes quedan los desvelos y la ansiedad que s\u00f3lo se curaba con un poco de whisky al llegar a casa tras un exhaustivo d\u00eda, porque ahora no resulta \u00fatil todo ello, y ser\u00eda un absurdo pensar que uno no ha aprendido algo nuevo luego de estos 732 d\u00edas arropado por las murallas amarillas y apaciguado por la fuente de agua clara y los rosales mutilados que, al igual que su servidor, renacen con la dosis de magia adecuada.<\/p>\n\n\n\n<p>Gracias, muchas gracias por las oportunidades y por las lecciones, que vengan m\u00e1s aprendizajes hasta que los pasos se cansen y deban tomar un respiro en medio de la historia que se escribe.<\/p>\n\n\n\n<p><strong>\u00a1Hasta el pr\u00f3ximo martes!<\/strong><\/p>\n\n\n\n<p><strong>Postdata: <\/strong>El reconocimiento para ustedes, lectores, para la familia que ha dado soporte a estos sue\u00f1os, y para las compa\u00f1\u00edas que creen en lo que hacemos.<\/p>\n\n\n\n<p><strong>Mi Twitter: @SoyOsmarEslava&nbsp;<\/strong><\/p>\n","protected":false},"excerpt":{"rendered":"<p>Aniversario \u201cLas venturas m\u00e1s dulces para el alma son las que nos llegan sin esperarlas\u201d<\/p>\n","protected":false},"author":95,"featured_media":0,"comment_status":"closed","ping_status":"open","sticky":false,"template":"","format":"standard","meta":{"footnotes":""},"categories":[42,84],"tags":[],"class_list":["post-107854","post","type-post","status-publish","format-standard","hentry","category-nuestrapalabra","category-osmar-eslava-marquez"],"_links":{"self":[{"href":"https:\/\/plazajuarez.mx\/historico\/wp-json\/wp\/v2\/posts\/107854","targetHints":{"allow":["GET"]}}],"collection":[{"href":"https:\/\/plazajuarez.mx\/historico\/wp-json\/wp\/v2\/posts"}],"about":[{"href":"https:\/\/plazajuarez.mx\/historico\/wp-json\/wp\/v2\/types\/post"}],"author":[{"embeddable":true,"href":"https:\/\/plazajuarez.mx\/historico\/wp-json\/wp\/v2\/users\/95"}],"replies":[{"embeddable":true,"href":"https:\/\/plazajuarez.mx\/historico\/wp-json\/wp\/v2\/comments?post=107854"}],"version-history":[{"count":0,"href":"https:\/\/plazajuarez.mx\/historico\/wp-json\/wp\/v2\/posts\/107854\/revisions"}],"wp:attachment":[{"href":"https:\/\/plazajuarez.mx\/historico\/wp-json\/wp\/v2\/media?parent=107854"}],"wp:term":[{"taxonomy":"category","embeddable":true,"href":"https:\/\/plazajuarez.mx\/historico\/wp-json\/wp\/v2\/categories?post=107854"},{"taxonomy":"post_tag","embeddable":true,"href":"https:\/\/plazajuarez.mx\/historico\/wp-json\/wp\/v2\/tags?post=107854"}],"curies":[{"name":"wp","href":"https:\/\/api.w.org\/{rel}","templated":true}]}}