{"id":107849,"date":"2020-05-05T06:00:00","date_gmt":"2020-05-05T06:00:00","guid":{"rendered":"https:\/\/plazajuarez.mx\/?p=107849"},"modified":"2020-05-05T02:43:23","modified_gmt":"2020-05-05T02:43:23","slug":"oscar-chavez-vivio-en-ixmiquilpan","status":"publish","type":"post","link":"https:\/\/plazajuarez.mx\/historico\/oscar-chavez-vivio-en-ixmiquilpan\/","title":{"rendered":"\u00d3scar Ch\u00e1vez, vivi\u00f3 en Ixmiquilpan"},"content":{"rendered":"\n<p><strong>El cantautor falleci\u00f3 la semana pasada a causa del Covid19<\/strong><\/p>\n\n\n\n<!--more-->\n\n\n\n<p>El reci\u00e9n fallecido cantante mexicano, \u00d3scar Ch\u00e1vez, vivi\u00f3 parte de<br>su infancia en el municipio de Ixmiquilpan, su vivienda se<br>encontraba a un costado del teatro Hidalgo, cerca de la Presidencia<br>Municipal.<br><br>De acuerdo a relatos de personas que lo conocieron, estudio parte de<br>su educaci\u00f3n b\u00e1sica en Ixmiquilpan. Su padre fue un ingeniero y por cuestiones profesionales y de trabajo, se traslad\u00f3 con su familia al<br>estado de Hidalgo.<br><br>El propio cantante relat\u00f3 que despu\u00e9s de haber nacido en la colonia<br>Portales en la Ciudad de M\u00e9xico, se traslad\u00f3 con su familia a<br>Ixmiquilpan.<br><br>A\u00f1os m\u00e1s tarde, retorn\u00f3 a la Ciudad de M\u00e9xico, donde la semana<br>pasada falleci\u00f3 luego de permanecer unas horas en el hospital tras<br>haber contra\u00eddo Covid19.<br><br>Sergio Miranda, promotor cultural, cuenta a Diario Plaza Ju\u00e1rez,<br>cuando quisieron traer a Ixmiquilpan un concierto del cantante y<br>pudieron saludarlo, ah\u00ed en esa platica, el tambi\u00e9n autor, record\u00f3<br>haber vivido en este municipio.<br><br>Rogelio Perrusqu\u00eda, escritor y poeta ixmiquilpense, record\u00f3 que en<br>esa ocasi\u00f3n cuando acudieron a visitarlo para buscar el contacto y<br>arreglar una probable fecha en este municipio, al top\u00e1rselo, record\u00f3<br>haber vivido en el Valle del Mezquital. Dijo, que valdr\u00eda la pena,<br>contar con un espacio p\u00fablico destinado al cantante.<br><br>\u00d3scar Ch\u00e1vez fue un reconocido cantante mexicano, su lucha y<br>respaldo a las causas sociales le permiti\u00f3 ser multigeneracional.<\/p>\n","protected":false},"excerpt":{"rendered":"<p>El cantautor falleci\u00f3 la semana pasada a causa del Covid19<\/p>\n","protected":false},"author":75,"featured_media":0,"comment_status":"closed","ping_status":"open","sticky":false,"template":"","format":"standard","meta":{"footnotes":""},"categories":[40],"tags":[],"class_list":["post-107849","post","type-post","status-publish","format-standard","hentry","category-region"],"_links":{"self":[{"href":"https:\/\/plazajuarez.mx\/historico\/wp-json\/wp\/v2\/posts\/107849","targetHints":{"allow":["GET"]}}],"collection":[{"href":"https:\/\/plazajuarez.mx\/historico\/wp-json\/wp\/v2\/posts"}],"about":[{"href":"https:\/\/plazajuarez.mx\/historico\/wp-json\/wp\/v2\/types\/post"}],"author":[{"embeddable":true,"href":"https:\/\/plazajuarez.mx\/historico\/wp-json\/wp\/v2\/users\/75"}],"replies":[{"embeddable":true,"href":"https:\/\/plazajuarez.mx\/historico\/wp-json\/wp\/v2\/comments?post=107849"}],"version-history":[{"count":0,"href":"https:\/\/plazajuarez.mx\/historico\/wp-json\/wp\/v2\/posts\/107849\/revisions"}],"wp:attachment":[{"href":"https:\/\/plazajuarez.mx\/historico\/wp-json\/wp\/v2\/media?parent=107849"}],"wp:term":[{"taxonomy":"category","embeddable":true,"href":"https:\/\/plazajuarez.mx\/historico\/wp-json\/wp\/v2\/categories?post=107849"},{"taxonomy":"post_tag","embeddable":true,"href":"https:\/\/plazajuarez.mx\/historico\/wp-json\/wp\/v2\/tags?post=107849"}],"curies":[{"name":"wp","href":"https:\/\/api.w.org\/{rel}","templated":true}]}}