{"id":107844,"date":"2020-05-05T06:00:00","date_gmt":"2020-05-05T06:00:00","guid":{"rendered":"https:\/\/plazajuarez.mx\/?p=107844"},"modified":"2020-06-08T07:57:41","modified_gmt":"2020-06-08T12:57:41","slug":"el-agora-5","status":"publish","type":"post","link":"https:\/\/plazajuarez.mx\/historico\/el-agora-5\/","title":{"rendered":"El \u00c1gora"},"content":{"rendered":"\n<p><strong>Ecatepec, entre la condescendencia y el clasismo<br><\/strong><br><strong><em>Por: Gerardo Vela<\/em><\/strong><\/p>\n\n\n\n<!--more-->\n\n\n\n<p><strong><em><br><\/em><\/strong>Le\u00ed hace un par de d\u00edas un hilo de Twitter de un usuario (@adrianeleuteri, por si gustan echarle un ojo) que narra su historia viviendo durante varios a\u00f1os en Ecatepec; una especie de reivindicaci\u00f3n de lo que para \u00e9l significa \u201csu barrio\u201d y la gente que en \u00e9ste habita. <br><br>Todo esto, claro, en el contexto de lo sucedido en el Hospital Las Am\u00e9ricas, donde el pasado viernes un grupo de personas entr\u00f3 a la fuerza a las instalaciones, amedrentando y amagando a m\u00e9dicos y enfermeras, para conocer el estado de sus familiares contagiados por Covid-19.<br><br>Pero, a ver, vamos por partes. Yo no pienso que tenga nada de malo tener y expresar afecto por el barrio propio. Puesto que en efecto, es en estos lugares donde se encuentra el grueso de la clase trabajadora, la clase obrera, vamos, el proletariado, que con sus manos y con su esfuerzo, casi siempre mal remunerado, da vida a la din\u00e1mica social y econ\u00f3mica de las ciudades, estados y hasta del mismo pa\u00eds. <br><br>El problema, m\u00e1s bien, es confundir personas y circunstancias, al grado de romantizar la pobreza y sujetar, adem\u00e1s, a la clase trabajadora, a un trato condescendiente.<br><br>Tengamos dos cosas claras. Ni la clase trabajadora merece ser tratada con la<br>conmiseraci\u00f3n del ideario \u201cprogre buena onda\u201d que abraza discursos paternalistas acerca de la ignorancia, la precariedad y la pobreza desde la abstracci\u00f3n del liberalismo burgu\u00e9s; ni tampoco debemos considerar a los grupos violentos que irrumpieron en en el Hospital Las Am\u00e9ricas de Ecatepec como \u201cpobrecita clase trabajadora abandonada, que por es <br>termina reaccionando as\u00ed\u201d.<br><br>La confusi\u00f3n es grave, pues puede significar, por un lado, la invisibilizaci\u00f3n y dem\u00e9rito de las luchas, procesos y relaciones materiales e hist\u00f3ricas de la clase obrera, y por el otro, la apolog\u00eda de grupos violentos. <br><br>No podemos, entonces, asumir una posici\u00f3n de \u201cbuenaond\u00edsmo progresista\u201d para disculpar lo que pas\u00f3 en Ecatepec mediante argumentos reduccionistas sobre \u201cmarginalizaci\u00f3n\u201d o \u201cfalta de educaci\u00f3n\u201d. <br><br>Luego, tampoco habr\u00eda forma de justificar a quienes, a lo largo de todo el pa\u00eds, han agredido y violentado a enfermeras, doctoras, doctores y personal de la salud en general. <br><br>Por el contrario, se trata de acciones aberrantes, absolutamente reprochables y que no abonan ni ayudan en nada para la actual pandemia.<br><br>Obviamente y s\u00f3lo por no dejar de precisar el punto, encontramos en el otro extremo las terribles expresiones de racismo y clasismo de aquellos clasemedieros aspiracionales y peque\u00f1o-burgueses alienados que, vali\u00e9ndose de la noticia, sacaron a relucir sus m\u00e1s profundos resentimientos y ofensas. Postura que, incluso sin que lo adviertan, es<br>profundamente ignorante y despreciable. <br><br>Ni siquiera saben lo que no saben, pero creen tener la voz de la verdad y las buenas costumbres correspondientes a \u201cla gente bien\u201d, rid\u00edculos.<\/p>\n\n\n\n<p>*Abogado y profesor del Tecnol\u00f3gico de Monterrey<br>Twitter: @GerardoVela<\/p>\n","protected":false},"excerpt":{"rendered":"<p>Ecatepec, entre la condescendencia y el clasismoPor: Gerardo Vela<\/p>\n","protected":false},"author":97,"featured_media":0,"comment_status":"closed","ping_status":"open","sticky":false,"template":"","format":"standard","meta":{"footnotes":""},"categories":[42],"tags":[],"class_list":["post-107844","post","type-post","status-publish","format-standard","hentry","category-nuestrapalabra"],"_links":{"self":[{"href":"https:\/\/plazajuarez.mx\/historico\/wp-json\/wp\/v2\/posts\/107844","targetHints":{"allow":["GET"]}}],"collection":[{"href":"https:\/\/plazajuarez.mx\/historico\/wp-json\/wp\/v2\/posts"}],"about":[{"href":"https:\/\/plazajuarez.mx\/historico\/wp-json\/wp\/v2\/types\/post"}],"author":[{"embeddable":true,"href":"https:\/\/plazajuarez.mx\/historico\/wp-json\/wp\/v2\/users\/97"}],"replies":[{"embeddable":true,"href":"https:\/\/plazajuarez.mx\/historico\/wp-json\/wp\/v2\/comments?post=107844"}],"version-history":[{"count":0,"href":"https:\/\/plazajuarez.mx\/historico\/wp-json\/wp\/v2\/posts\/107844\/revisions"}],"wp:attachment":[{"href":"https:\/\/plazajuarez.mx\/historico\/wp-json\/wp\/v2\/media?parent=107844"}],"wp:term":[{"taxonomy":"category","embeddable":true,"href":"https:\/\/plazajuarez.mx\/historico\/wp-json\/wp\/v2\/categories?post=107844"},{"taxonomy":"post_tag","embeddable":true,"href":"https:\/\/plazajuarez.mx\/historico\/wp-json\/wp\/v2\/tags?post=107844"}],"curies":[{"name":"wp","href":"https:\/\/api.w.org\/{rel}","templated":true}]}}