{"id":107826,"date":"2020-05-05T06:00:00","date_gmt":"2020-05-05T06:00:00","guid":{"rendered":"https:\/\/plazajuarez.mx\/?p=107826"},"modified":"2020-05-05T02:32:59","modified_gmt":"2020-05-05T02:32:59","slug":"molestia-por-el-programa-hoy-no-circula-en-e-valle-del-mezquital","status":"publish","type":"post","link":"https:\/\/plazajuarez.mx\/historico\/molestia-por-el-programa-hoy-no-circula-en-e-valle-del-mezquital\/","title":{"rendered":"Molestia por el programa Hoy no Circula en e Valle del Mezquital"},"content":{"rendered":"\n<p><strong>\u25cf La medida es para disminuir la movilidad de personas en los municipios<\/strong><\/p>\n\n\n\n<!--more-->\n\n\n\n<p>La implementaci\u00f3n del programa Hoy No Circula ha generado<br>confusi\u00f3n entre la poblaci\u00f3n de los municipios en la regi\u00f3n del Valle<br>del Mezquital, debido a que esta medida anunciada por el gobierno<br>del estado es nueva.<br><br>En los municipios, el operativo se estar\u00eda llevando ya sin ninguna<br>consideraci\u00f3n para los automovilistas a partir del pr\u00f3ximo viernes.<br>Este inicio de semana se ha intensificado la informaci\u00f3n a la<br>poblaci\u00f3n sobre el programa, en el llamado \u201cPeriodo de Gracia\u201d.<br><br>Los automovilistas que incumplan con las determinaciones, podr\u00edan<br>ser sancionados.<br><br>El prop\u00f3sito del programa, es evitar la movilidad de las personas,<br>debido a que Hidalgo es una de las entidades que ha incumplido con<br>la estrategia de confinamiento.<br><br>Sin embargo, el anuncio del gobierno del estado ha generado<br>molestias entre la poblaci\u00f3n, donde el argumento principal es el uso<br>de sus autom\u00f3viles para trasladarse a sus trabajos.<\/p>\n\n\n\n<p>Asimismo, hay reacciones en favor de la medida de parar la<br>movilidad durante los siguientes d\u00edas m\u00e1s cr\u00edticos de la pandemia.<br><br>Respecto a la operaci\u00f3n, las polic\u00edas municipales \u00fanicamente<br>apoyar\u00e1n en la difusi\u00f3n de la estrategia, pero ser\u00e1 la Secretar\u00eda de<br>Seguridad P\u00fablica del Estado (SSPH), quien se encargar\u00e1 de la<br>operaci\u00f3n del programa que ser\u00e1 temporal.<\/p>\n","protected":false},"excerpt":{"rendered":"<p>\u25cf La medida es para disminuir la movilidad de personas en los municipios<\/p>\n","protected":false},"author":75,"featured_media":0,"comment_status":"closed","ping_status":"open","sticky":false,"template":"","format":"standard","meta":{"footnotes":""},"categories":[40],"tags":[],"class_list":["post-107826","post","type-post","status-publish","format-standard","hentry","category-region"],"_links":{"self":[{"href":"https:\/\/plazajuarez.mx\/historico\/wp-json\/wp\/v2\/posts\/107826","targetHints":{"allow":["GET"]}}],"collection":[{"href":"https:\/\/plazajuarez.mx\/historico\/wp-json\/wp\/v2\/posts"}],"about":[{"href":"https:\/\/plazajuarez.mx\/historico\/wp-json\/wp\/v2\/types\/post"}],"author":[{"embeddable":true,"href":"https:\/\/plazajuarez.mx\/historico\/wp-json\/wp\/v2\/users\/75"}],"replies":[{"embeddable":true,"href":"https:\/\/plazajuarez.mx\/historico\/wp-json\/wp\/v2\/comments?post=107826"}],"version-history":[{"count":0,"href":"https:\/\/plazajuarez.mx\/historico\/wp-json\/wp\/v2\/posts\/107826\/revisions"}],"wp:attachment":[{"href":"https:\/\/plazajuarez.mx\/historico\/wp-json\/wp\/v2\/media?parent=107826"}],"wp:term":[{"taxonomy":"category","embeddable":true,"href":"https:\/\/plazajuarez.mx\/historico\/wp-json\/wp\/v2\/categories?post=107826"},{"taxonomy":"post_tag","embeddable":true,"href":"https:\/\/plazajuarez.mx\/historico\/wp-json\/wp\/v2\/tags?post=107826"}],"curies":[{"name":"wp","href":"https:\/\/api.w.org\/{rel}","templated":true}]}}