{"id":107821,"date":"2020-05-05T06:00:00","date_gmt":"2020-05-05T06:00:00","guid":{"rendered":"https:\/\/plazajuarez.mx\/?p=107821"},"modified":"2020-05-05T02:31:50","modified_gmt":"2020-05-05T02:31:50","slug":"muere-septuagenario-al-ser-arrollado","status":"publish","type":"post","link":"https:\/\/plazajuarez.mx\/historico\/muere-septuagenario-al-ser-arrollado\/","title":{"rendered":"Muere septuagenario al ser arrollado"},"content":{"rendered":"\n<p><strong>La contingencia fue reportada al C5i de Hidalgo, a trav\u00e9s del 911 de Emergencias<\/strong><\/p>\n\n\n\n<!--more-->\n\n\n\n<p>Infortunado accidente que cobr\u00f3 la vida de un septuagenario, tuvo lugar sobre la carretera M\u00e9xico-Tuxpan, a la altura de la presa del Tejocotal, lo que provoc\u00f3 una intensa movilizaci\u00f3n de efectivos policiales y de socorristas, que acudieron a tomar conocimiento y a certificar el deceso del afectado.<\/p>\n\n\n\n<p>La contingencia fue reportada v\u00eda telef\u00f3nica al C5i de Hidalgo, a trav\u00e9s del n\u00famero 911 de Emergencias.<\/p>\n\n\n\n<p>La alerta refer\u00eda sobre el atropellamiento de un masculino de la tercera edad, cuyo cuerpo qued\u00f3 inerte a la orilla de la cinta asf\u00e1ltica.<\/p>\n\n\n\n<p>Al arribar al lugar, param\u00e9dicos de Protecci\u00f3n Civil de Acaxochitl\u00e1n, reportaron que se localiz\u00f3 a un masculino tirado a orilla de carretera, el cual ya no contaba con signos vitales.<\/p>\n\n\n\n<p>As\u00ed mismo se dio a conocer que la persona afectada, en vida respond\u00eda al nombre con las iniciales F.M.J., quien hasta antes de su deceso contaba con 76 a\u00f1os de edad.<\/p>\n\n\n\n<p>Toc\u00f3 a elementos de la Polic\u00eda Municipal de Acaxochitl\u00e1n y a oficiales de la Agencia de Seguridad del estado de Hidalgo, realizar acordonamiento del \u00e1rea, donde quedo el masculino, para permitir el libre accionar del personal de la Procuradur\u00eda de Justicia del estado de Hidalgo, que realiz\u00f3 las diligencias correspondientes y dio inicio de la carpeta de investigaci\u00f3n, donde se describieron los pormenores de la tragedia que seg\u00f3 una vida humana.<\/p>\n\n\n\n<p>Personal de funerales San Carlos realiz\u00f3 el levantamiento del cuerpo y el traslad\u00f3 al necrocomio.<\/p>\n","protected":false},"excerpt":{"rendered":"<p>La contingencia fue reportada al C5i de Hidalgo, a trav\u00e9s del 911 de Emergencias<\/p>\n","protected":false},"author":93,"featured_media":0,"comment_status":"closed","ping_status":"open","sticky":false,"template":"","format":"standard","meta":{"footnotes":""},"categories":[37],"tags":[],"class_list":["post-107821","post","type-post","status-publish","format-standard","hentry","category-barandilla"],"_links":{"self":[{"href":"https:\/\/plazajuarez.mx\/historico\/wp-json\/wp\/v2\/posts\/107821","targetHints":{"allow":["GET"]}}],"collection":[{"href":"https:\/\/plazajuarez.mx\/historico\/wp-json\/wp\/v2\/posts"}],"about":[{"href":"https:\/\/plazajuarez.mx\/historico\/wp-json\/wp\/v2\/types\/post"}],"author":[{"embeddable":true,"href":"https:\/\/plazajuarez.mx\/historico\/wp-json\/wp\/v2\/users\/93"}],"replies":[{"embeddable":true,"href":"https:\/\/plazajuarez.mx\/historico\/wp-json\/wp\/v2\/comments?post=107821"}],"version-history":[{"count":0,"href":"https:\/\/plazajuarez.mx\/historico\/wp-json\/wp\/v2\/posts\/107821\/revisions"}],"wp:attachment":[{"href":"https:\/\/plazajuarez.mx\/historico\/wp-json\/wp\/v2\/media?parent=107821"}],"wp:term":[{"taxonomy":"category","embeddable":true,"href":"https:\/\/plazajuarez.mx\/historico\/wp-json\/wp\/v2\/categories?post=107821"},{"taxonomy":"post_tag","embeddable":true,"href":"https:\/\/plazajuarez.mx\/historico\/wp-json\/wp\/v2\/tags?post=107821"}],"curies":[{"name":"wp","href":"https:\/\/api.w.org\/{rel}","templated":true}]}}