{"id":107614,"date":"2020-05-04T06:00:00","date_gmt":"2020-05-04T06:00:00","guid":{"rendered":"https:\/\/plazajuarez.mx\/?p=107614"},"modified":"2020-05-04T02:15:36","modified_gmt":"2020-05-04T02:15:36","slug":"preparan-tratamiento-con-remdesivir-en-eeuu","status":"publish","type":"post","link":"https:\/\/plazajuarez.mx\/historico\/preparan-tratamiento-con-remdesivir-en-eeuu\/","title":{"rendered":"Preparan tratamiento con Remdesivir en EEUU"},"content":{"rendered":"\n<p><strong>El medicamento, reci\u00e9n aprobado por la v\u00eda r\u00e1pida para su uso en EE.UU., podr\u00eda llegar este lunes a los pacientes graves<\/strong><\/p>\n\n\n\n<!--more-->\n\n\n\n<p>Estados Unidos planea comenzar a tratar en los pr\u00f3ximos d\u00edas a algunos de sus pacientes m\u00e1s graves de COVID-19 con el antiviral Remdesivir, asegur\u00f3 este domingo el fabricante del f\u00e1rmaco, mientras continuaban las tensiones en el pa\u00eds por el ritmo de reapertura desigual entre distintos estados.<\/p>\n\n\n\n<p>El medicamento, reci\u00e9n aprobado por la v\u00eda r\u00e1pida para su uso en EE.UU., podr\u00eda llegar este lunes o en los siguientes d\u00edas a los primeros pacientes de coronavirus fuera de ensayos cl\u00ednicos en el pa\u00eds, mientras su fabricante, la farmac\u00e9utica estadounidense Gilead, hace planes para exportarlo a otras naciones que le den luz verde.<\/p>\n\n\n\n<p>&#8220;Pretendemos que llegue a los pacientes (en EE.UU.) a principios de esta semana&#8221;, dijo Daniel O&#8217;Day, el consejero delegado de Gilead, durante una entrevista este domingo con la cadena CBS News.<\/p>\n\n\n\n<p><strong>HASTA 200 MIL TRATAMIENTOS<\/strong><\/p>\n\n\n\n<p>La farmac\u00e9utica con sede en California ha donado al Gobierno de EE.UU. &#8220;todo su suministro&#8221; de Remdesivir, unos 1,5 millones de viales o frascos que pueden servir para completar&nbsp; &#8220;100 o 200 mil tratamientos, dependiendo&#8221; de si el f\u00e1rmaco se administra &#8220;durante cinco d\u00edas o diez d\u00edas&#8221;, precis\u00f3 O&#8217;Day.<\/p>\n\n\n\n<p>Gilead ha acelerado su producci\u00f3n del antiviral y esta semana adelant\u00f3 que conf\u00eda en tener &#8220;varios millones&#8221; de rondas de tratamiento disponibles para finales de este a\u00f1o, un suministro que podr\u00eda destinarse tanto a EE.UU. como a pacientes en otros pa\u00edses.<\/p>\n\n\n\n<p>&#8220;Nuestra donaci\u00f3n estar\u00e1 disponible para pacientes aqu\u00ed en Estados Unidos y en todo el mundo, a medida que otros pa\u00edses tomen decisiones regulatorias&#8221; sobre el uso del Remdesivir, indic\u00f3 O&#8217;Day.<\/p>\n\n\n\n<p>El Remdesivir, que se administra por v\u00eda intravenosa, comenz\u00f3 a desarrollarse en 2009 y se prob\u00f3 sin demasiado \u00e9xito en pacientes de \u00e9bola la pasada d\u00e9cada y fue aprobado en EE.UU. para su uso contra el COVID-19 el pasado viernes.<\/p>\n","protected":false},"excerpt":{"rendered":"<p>El medicamento, reci\u00e9n aprobado por la v\u00eda r\u00e1pida para su uso en EE.UU., podr\u00eda llegar este lunes a los pacientes graves<\/p>\n","protected":false},"author":80,"featured_media":0,"comment_status":"closed","ping_status":"open","sticky":false,"template":"","format":"standard","meta":{"footnotes":""},"categories":[31],"tags":[],"class_list":["post-107614","post","type-post","status-publish","format-standard","hentry","category-orbe"],"_links":{"self":[{"href":"https:\/\/plazajuarez.mx\/historico\/wp-json\/wp\/v2\/posts\/107614","targetHints":{"allow":["GET"]}}],"collection":[{"href":"https:\/\/plazajuarez.mx\/historico\/wp-json\/wp\/v2\/posts"}],"about":[{"href":"https:\/\/plazajuarez.mx\/historico\/wp-json\/wp\/v2\/types\/post"}],"author":[{"embeddable":true,"href":"https:\/\/plazajuarez.mx\/historico\/wp-json\/wp\/v2\/users\/80"}],"replies":[{"embeddable":true,"href":"https:\/\/plazajuarez.mx\/historico\/wp-json\/wp\/v2\/comments?post=107614"}],"version-history":[{"count":0,"href":"https:\/\/plazajuarez.mx\/historico\/wp-json\/wp\/v2\/posts\/107614\/revisions"}],"wp:attachment":[{"href":"https:\/\/plazajuarez.mx\/historico\/wp-json\/wp\/v2\/media?parent=107614"}],"wp:term":[{"taxonomy":"category","embeddable":true,"href":"https:\/\/plazajuarez.mx\/historico\/wp-json\/wp\/v2\/categories?post=107614"},{"taxonomy":"post_tag","embeddable":true,"href":"https:\/\/plazajuarez.mx\/historico\/wp-json\/wp\/v2\/tags?post=107614"}],"curies":[{"name":"wp","href":"https:\/\/api.w.org\/{rel}","templated":true}]}}