{"id":107601,"date":"2020-05-04T06:00:00","date_gmt":"2020-05-04T06:00:00","guid":{"rendered":"https:\/\/plazajuarez.mx\/?p=107601"},"modified":"2020-05-04T02:05:37","modified_gmt":"2020-05-04T02:05:37","slug":"una-balacera-en-tula-arrojo-a-dos-hermanos-lesionados","status":"publish","type":"post","link":"https:\/\/plazajuarez.mx\/historico\/una-balacera-en-tula-arrojo-a-dos-hermanos-lesionados\/","title":{"rendered":"Una balacera en Tula arroj\u00f3 a dos hermanos lesionados"},"content":{"rendered":"\n<p><strong>El lesionado de un balazo en t\u00f3rax y otro en abdomen, fue trasladado al hospital<\/strong><\/p>\n\n\n\n<!--more-->\n\n\n\n<p>Luego que hombres armados en un veh\u00edculo que circulaba por calles de Tula de Allende dispararon sus armas de fuego, dos hermanos resultaron lesionados, uno de gravedad, el hombre y la mujer fueron trasladados de emergencia al hospital regional Tula-Tepeji.<\/p>\n\n\n\n<p>La informaci\u00f3n que se dio, refiere que fue al filo de las 23:15 horas del s\u00e1bado anterior, cuando se recibi\u00f3 reporte en el subcentro C-4, mediante el cual dieron a conocer sobre varias detonaciones que se realizaron en el callej\u00f3n Colosio de la colonia San Lorenzo.<\/p>\n\n\n\n<p>Luego de hacer extensiva la alerta a corporaciones policiales y de socorro de la regi\u00f3n, al lugar acudieron socorristas de la Cruz Roja para brindar auxilio a los afectados.<\/p>\n\n\n\n<p>En el lugar, se localiz\u00f3 a una persona del g\u00e9nero femenino lesionada a bordo de una camioneta Ford color verde, con una lesi\u00f3n por impacto de arma de fuego en la pierna.<\/p>\n\n\n\n<p>El herido de un balazo en t\u00f3rax y otro en abdomen fue trasladado al hospital en un c\u00f3rdova blanco, ya que los familiares no esperaron a los cuerpos de auxilio.<\/p>\n","protected":false},"excerpt":{"rendered":"<p>El lesionado de un balazo en t\u00f3rax y otro en abdomen, fue trasladado al hospital<\/p>\n","protected":false},"author":93,"featured_media":0,"comment_status":"closed","ping_status":"open","sticky":false,"template":"","format":"standard","meta":{"footnotes":""},"categories":[37],"tags":[],"class_list":["post-107601","post","type-post","status-publish","format-standard","hentry","category-barandilla"],"_links":{"self":[{"href":"https:\/\/plazajuarez.mx\/historico\/wp-json\/wp\/v2\/posts\/107601","targetHints":{"allow":["GET"]}}],"collection":[{"href":"https:\/\/plazajuarez.mx\/historico\/wp-json\/wp\/v2\/posts"}],"about":[{"href":"https:\/\/plazajuarez.mx\/historico\/wp-json\/wp\/v2\/types\/post"}],"author":[{"embeddable":true,"href":"https:\/\/plazajuarez.mx\/historico\/wp-json\/wp\/v2\/users\/93"}],"replies":[{"embeddable":true,"href":"https:\/\/plazajuarez.mx\/historico\/wp-json\/wp\/v2\/comments?post=107601"}],"version-history":[{"count":0,"href":"https:\/\/plazajuarez.mx\/historico\/wp-json\/wp\/v2\/posts\/107601\/revisions"}],"wp:attachment":[{"href":"https:\/\/plazajuarez.mx\/historico\/wp-json\/wp\/v2\/media?parent=107601"}],"wp:term":[{"taxonomy":"category","embeddable":true,"href":"https:\/\/plazajuarez.mx\/historico\/wp-json\/wp\/v2\/categories?post=107601"},{"taxonomy":"post_tag","embeddable":true,"href":"https:\/\/plazajuarez.mx\/historico\/wp-json\/wp\/v2\/tags?post=107601"}],"curies":[{"name":"wp","href":"https:\/\/api.w.org\/{rel}","templated":true}]}}