{"id":107599,"date":"2020-05-04T06:00:00","date_gmt":"2020-05-04T06:00:00","guid":{"rendered":"https:\/\/plazajuarez.mx\/?p=107599"},"modified":"2020-05-04T02:07:09","modified_gmt":"2020-05-04T02:07:09","slug":"inicio-el-hoy-no-circula-por-covid-19","status":"publish","type":"post","link":"https:\/\/plazajuarez.mx\/historico\/inicio-el-hoy-no-circula-por-covid-19\/","title":{"rendered":"Inici\u00f3 el Hoy No Circula, por Covid-19"},"content":{"rendered":"\n<p><strong>Veh\u00edculos de personal de actividades esenciales deber\u00e1n portar identificaci\u00f3n oficial<\/strong><\/p>\n\n\n\n<!--more-->\n\n\n\n<p>Luego de que el gobierno de Hidalgo anunci\u00f3 el programa Hoy No Circula para toda la entidad, esta ma\u00f1ana se dio inicio a esta disposici\u00f3n que tiene como objetivo salvar vidas de los hidalguenses, mediante la reducci\u00f3n de la movilidad, para as\u00ed evitar contagios del virus Covid-19 en el estado.<\/p>\n\n\n\n<p>El programa que se estructur\u00f3 para tratar de contener el avance del virus, tendr\u00e1 validez hasta que oficialmente se d\u00e9 por terminada la fase 3.<\/p>\n\n\n\n<p>Por lo pronto veh\u00edculos con placas que terminen con n\u00famero par 0, 2, 4, 6 y 8 dejar\u00e1n de circular lunes, mi\u00e9rcoles y viernes, adem\u00e1s de los primeros, terceros y quintos domingos del mes, en tanto que los de n\u00famero non, no circular\u00e1n martes, jueves, s\u00e1bado y el segundo y cuarto domingo del mes.<\/p>\n\n\n\n<p>La informaci\u00f3n al respecto indica que esta medida entrar\u00e1 en vigor a partir de las 00:00 horas del lunes 4 de mayo de 2020 y se aplicar\u00e1 durante las 24 horas del d\u00eda.<\/p>\n\n\n\n<p>As\u00ed mismo, se advierte que en casos donde se detecte violaci\u00f3n a las disposiciones del programa Hoy No Circula, se impondr\u00e1n multas que van de los 868. 80 pesos y hasta los 43 mil 440 pesos.<\/p>\n\n\n\n<p>La aplicaci\u00f3n del programa incluye todos los veh\u00edculos particulares, ya sean del estado o con placas de circulaci\u00f3n for\u00e1neas, as\u00ed como la de los automotores con terminaci\u00f3n de matr\u00edculas en cero y doble cero, que se toman como n\u00famero par.<\/p>\n\n\n\n<p>Unidades particulares de personal de actividades esenciales deben portar identificaci\u00f3n oficial para circular.<\/p>\n","protected":false},"excerpt":{"rendered":"<p>Veh\u00edculos de personal de actividades esenciales deber\u00e1n portar identificaci\u00f3n oficial<\/p>\n","protected":false},"author":93,"featured_media":0,"comment_status":"closed","ping_status":"open","sticky":false,"template":"","format":"standard","meta":{"footnotes":""},"categories":[37],"tags":[],"class_list":["post-107599","post","type-post","status-publish","format-standard","hentry","category-barandilla"],"_links":{"self":[{"href":"https:\/\/plazajuarez.mx\/historico\/wp-json\/wp\/v2\/posts\/107599","targetHints":{"allow":["GET"]}}],"collection":[{"href":"https:\/\/plazajuarez.mx\/historico\/wp-json\/wp\/v2\/posts"}],"about":[{"href":"https:\/\/plazajuarez.mx\/historico\/wp-json\/wp\/v2\/types\/post"}],"author":[{"embeddable":true,"href":"https:\/\/plazajuarez.mx\/historico\/wp-json\/wp\/v2\/users\/93"}],"replies":[{"embeddable":true,"href":"https:\/\/plazajuarez.mx\/historico\/wp-json\/wp\/v2\/comments?post=107599"}],"version-history":[{"count":0,"href":"https:\/\/plazajuarez.mx\/historico\/wp-json\/wp\/v2\/posts\/107599\/revisions"}],"wp:attachment":[{"href":"https:\/\/plazajuarez.mx\/historico\/wp-json\/wp\/v2\/media?parent=107599"}],"wp:term":[{"taxonomy":"category","embeddable":true,"href":"https:\/\/plazajuarez.mx\/historico\/wp-json\/wp\/v2\/categories?post=107599"},{"taxonomy":"post_tag","embeddable":true,"href":"https:\/\/plazajuarez.mx\/historico\/wp-json\/wp\/v2\/tags?post=107599"}],"curies":[{"name":"wp","href":"https:\/\/api.w.org\/{rel}","templated":true}]}}