{"id":107588,"date":"2020-05-04T06:00:00","date_gmt":"2020-05-04T06:00:00","guid":{"rendered":"https:\/\/plazajuarez.mx\/?p=107588"},"modified":"2020-05-04T01:58:21","modified_gmt":"2020-05-04T01:58:21","slug":"no-conocia-los-nexos-de-garcia-luna-con-el-narco","status":"publish","type":"post","link":"https:\/\/plazajuarez.mx\/historico\/no-conocia-los-nexos-de-garcia-luna-con-el-narco\/","title":{"rendered":"&#8220;No conoc\u00eda los nexos de Garc\u00eda Luna con el narco&#8221;"},"content":{"rendered":"\n<p><strong>Roberta Jacobson, ex embajadora, revel\u00f3 en entrevista que el gobierno mexicano sab\u00eda de los nexos de Garc\u00eda Luna con el crimen organizado<\/strong><\/p>\n\n\n\n<!--more-->\n\n\n\n<p>El ex presidente Felipe Calder\u00f3n asegur\u00f3 que es falso que su gobierno tuviera informaci\u00f3n sobre nexos de Genaro Garc\u00eda Luna con el narcotr\u00e1fico.<\/p>\n\n\n\n<p>Lo anterior luego de que en una entrevista, la ex embajadora de Estados Unidos en M\u00e9xico, Roberta Jacobson, revelara que el gobierno estadounidense recopil\u00f3 rumores e informaci\u00f3n de la relaci\u00f3n de Genaro Garc\u00eda Luna con el C\u00e1rtel de Sinaloa.<\/p>\n\n\n\n<p>&#8220;Actu\u00e9 con determinaci\u00f3n contra el crimen organizado y recib\u00ed amenazas por ello, jam\u00e1s hubiera permitido que ning\u00fan funcionario con v\u00ednculos como esos siguiera en el gobierno&#8221;, dijo Calder\u00f3n en su cuenta oficial de Twitter.<\/p>\n\n\n\n<p>En un hilo en la red social, Felipe Calder\u00f3n cuestion\u00f3 el por qu\u00e9 la Iniciativa M\u00e9rida, de la que era responsable Jacobson, dot\u00f3 de armamento, tecnolog\u00eda de inteligencia, equipo y aeronaves a la Secretar\u00eda de Seguridad P\u00fablica, si es que el gobierno de Estados Unidos sab\u00eda de v\u00ednculos il\u00edcitos en la dependencia.<\/p>\n\n\n\n<p>&#8220;&#8216;El departamento de Estado estaba obligado a cerciorarse de que el equipo militar\u2026 no fuera utilizado para favorecer y facilitar el trasiego de drogas&#8217;. Ser\u00eda absurdo suponer que, sabiendo sus supuestos nexos, hubieran dado ese apoyo multimillonario a la SSP&#8221;, asever\u00f3 el exmandatario.<\/p>\n\n\n\n<p>Tambi\u00e9n indic\u00f3 que la cooperaci\u00f3n entre su gobierno y el de Estados Unidos alcanz\u00f3 niveles sin precedentes. &#8220;Todas las dependencias mexicanas vinculadas al tema estaban autorizadas a interactuar con autoridades de Estados Unidos&#8221;, escribi\u00f3, al destacar que la estrategia de seguridad de su administraci\u00f3n no reca\u00eda de una sola persona.<\/p>\n\n\n\n<p>Calder\u00f3n concluy\u00f3 que si el gobierno de Estados Unidos hubiera tenido informaci\u00f3n procesable, \u00e9sta tendr\u00eda que haberse comunicado a su gobierno, sin embargo no ocurri\u00f3.<\/p>\n","protected":false},"excerpt":{"rendered":"<p>Roberta Jacobson, ex embajadora, revel\u00f3 en entrevista que el gobierno mexicano sab\u00eda de los nexos de Garc\u00eda Luna con el crimen organizado<\/p>\n","protected":false},"author":81,"featured_media":0,"comment_status":"closed","ping_status":"open","sticky":false,"template":"","format":"standard","meta":{"footnotes":""},"categories":[36],"tags":[],"class_list":["post-107588","post","type-post","status-publish","format-standard","hentry","category-nacion"],"_links":{"self":[{"href":"https:\/\/plazajuarez.mx\/historico\/wp-json\/wp\/v2\/posts\/107588","targetHints":{"allow":["GET"]}}],"collection":[{"href":"https:\/\/plazajuarez.mx\/historico\/wp-json\/wp\/v2\/posts"}],"about":[{"href":"https:\/\/plazajuarez.mx\/historico\/wp-json\/wp\/v2\/types\/post"}],"author":[{"embeddable":true,"href":"https:\/\/plazajuarez.mx\/historico\/wp-json\/wp\/v2\/users\/81"}],"replies":[{"embeddable":true,"href":"https:\/\/plazajuarez.mx\/historico\/wp-json\/wp\/v2\/comments?post=107588"}],"version-history":[{"count":0,"href":"https:\/\/plazajuarez.mx\/historico\/wp-json\/wp\/v2\/posts\/107588\/revisions"}],"wp:attachment":[{"href":"https:\/\/plazajuarez.mx\/historico\/wp-json\/wp\/v2\/media?parent=107588"}],"wp:term":[{"taxonomy":"category","embeddable":true,"href":"https:\/\/plazajuarez.mx\/historico\/wp-json\/wp\/v2\/categories?post=107588"},{"taxonomy":"post_tag","embeddable":true,"href":"https:\/\/plazajuarez.mx\/historico\/wp-json\/wp\/v2\/tags?post=107588"}],"curies":[{"name":"wp","href":"https:\/\/api.w.org\/{rel}","templated":true}]}}