{"id":107587,"date":"2020-05-04T06:00:00","date_gmt":"2020-05-04T06:00:00","guid":{"rendered":"https:\/\/plazajuarez.mx\/?p=107587"},"modified":"2020-05-04T01:57:35","modified_gmt":"2020-05-04T01:57:35","slug":"identifican-89-zonas-de-alto-contagio-de-covid-19-en-cdmx","status":"publish","type":"post","link":"https:\/\/plazajuarez.mx\/historico\/identifican-89-zonas-de-alto-contagio-de-covid-19-en-cdmx\/","title":{"rendered":"Identifican 89 zonas de alto contagio de Covid-19 en CDMX"},"content":{"rendered":"\n<ul class=\"wp-block-list\"><li><strong>La se\u00f1alizaci\u00f3n est\u00e1 en colores amarillo y negro<\/strong><\/li><\/ul>\n\n\n\n<!--more-->\n\n\n\n<p>El gobierno de la Ciudad de M\u00e9xico en conjunto con las alcald\u00edas, ha se\u00f1alizado 89 zonas consideradas de alto contagio por coronavirus Covid-19 y donde se puede llegar a concentrar una gran cantidad de personas; se trata de siete mercados p\u00fablicos, 51 estaciones del Metro y 31 Cetram.<\/p>\n\n\n\n<p>Las se\u00f1ales visibles en colores amarillo y negro, contienen mensajes como: &#8220;\u00a1Cuidado! Zona de alto contagio&#8221;, &#8220;Guarde su distancia y no toque nada&#8221;, &#8220;\u00a1Alerta! Zona de alto contagio&#8221;, &#8220;Zona de alto contagio&#8221;, as\u00ed como recomendaciones sanitarias como el uso de cubrebocas obligatorio, lavado de manos o el uso de gel antibacterial y evitar contacto con el rostro.<\/p>\n\n\n\n<p>Para que las personas puedan realizar sus compras de alimentos con las medidas sanitarias adecuadas, se han colocado se\u00f1alamientos, principalmente en siete mercados p\u00fablicos: dos en la alcald\u00eda Iztapalapa (Central de Abasto y La Nueva Viga), tres en Miguel Hidalgo (Pe\u00f1a Manterola, Argentina, Tacuba), uno en Cuauht\u00e9moc (La Merced) y uno en Coyoac\u00e1n (La Bola).<\/p>\n\n\n\n<p>En 51 estaciones del Sistema Colectivo (STC) Metro: Observatorio, Indios Verdes, Deportivo 18 de Marzo, La Villa\/Bas\u00edlica, Mart\u00edn Carrera, Tacubaya, Mixcoac, Barranca del Muerto, Chapultepec, Sevilla, Insurgentes, Colegio Militar, Normal, Revoluci\u00f3n, Hidalgo, Zaragoza, Balderas, Centro M\u00e9dico, Etiop\u00eda, Eugenia, Divisi\u00f3n del Norte, Zapata, Coyoac\u00e1n y Salto del Agua.<\/p>\n","protected":false},"excerpt":{"rendered":"<p>La se\u00f1alizaci\u00f3n est\u00e1 en colores amarillo y negro<\/p>\n","protected":false},"author":81,"featured_media":0,"comment_status":"closed","ping_status":"open","sticky":false,"template":"","format":"standard","meta":{"footnotes":""},"categories":[36],"tags":[],"class_list":["post-107587","post","type-post","status-publish","format-standard","hentry","category-nacion"],"_links":{"self":[{"href":"https:\/\/plazajuarez.mx\/historico\/wp-json\/wp\/v2\/posts\/107587","targetHints":{"allow":["GET"]}}],"collection":[{"href":"https:\/\/plazajuarez.mx\/historico\/wp-json\/wp\/v2\/posts"}],"about":[{"href":"https:\/\/plazajuarez.mx\/historico\/wp-json\/wp\/v2\/types\/post"}],"author":[{"embeddable":true,"href":"https:\/\/plazajuarez.mx\/historico\/wp-json\/wp\/v2\/users\/81"}],"replies":[{"embeddable":true,"href":"https:\/\/plazajuarez.mx\/historico\/wp-json\/wp\/v2\/comments?post=107587"}],"version-history":[{"count":0,"href":"https:\/\/plazajuarez.mx\/historico\/wp-json\/wp\/v2\/posts\/107587\/revisions"}],"wp:attachment":[{"href":"https:\/\/plazajuarez.mx\/historico\/wp-json\/wp\/v2\/media?parent=107587"}],"wp:term":[{"taxonomy":"category","embeddable":true,"href":"https:\/\/plazajuarez.mx\/historico\/wp-json\/wp\/v2\/categories?post=107587"},{"taxonomy":"post_tag","embeddable":true,"href":"https:\/\/plazajuarez.mx\/historico\/wp-json\/wp\/v2\/tags?post=107587"}],"curies":[{"name":"wp","href":"https:\/\/api.w.org\/{rel}","templated":true}]}}