{"id":107586,"date":"2020-05-04T06:00:00","date_gmt":"2020-05-04T06:00:00","guid":{"rendered":"https:\/\/plazajuarez.mx\/?p=107586"},"modified":"2020-05-04T01:55:50","modified_gmt":"2020-05-04T01:55:50","slug":"covid-19-dejara-hasta-4-8-millones-mas-en-pobreza","status":"publish","type":"post","link":"https:\/\/plazajuarez.mx\/historico\/covid-19-dejara-hasta-4-8-millones-mas-en-pobreza\/","title":{"rendered":"Covid-19 dejar\u00e1 hasta 4.8 millones m\u00e1s en pobreza"},"content":{"rendered":"\n<p><strong>El c\u00e1lculo se da bajo la consideraci\u00f3n de que se perder\u00e1n 900 mil empleos formales<\/strong><\/p>\n\n\n\n<!--more-->\n\n\n\n<p>La crisis sanitaria por el Covid-19 puede generar que se sumen entre 3 millones y 4.8 millones de personas en condici\u00f3n de pobreza, lo que adem\u00e1s se combinar\u00e1 con una baja en la cifra de la poblaci\u00f3n de clase media, de acuerdo con expertos.<\/p>\n\n\n\n<p>Los directores generales del Instituto para el Desarrollo Industrial y Crecimiento Econ\u00f3mico (Idic), Jos\u00e9 Luis de la Cruz, y de la consultor\u00eda jur\u00eddica De la Calle, Madrazo, Mancera, Luis de la Calle, dijeron que las crisis econ\u00f3micas regularmente aumentan los niveles de pobreza e impactan el poder adquisitivo de la clase media mexicana.<\/p>\n\n\n\n<p>De la Cruz explic\u00f3 que la estimaci\u00f3n es que habr\u00e1 un aumento de la pobreza de entre 3 millones y 3.5 millones de personas.<\/p>\n\n\n\n<p>El c\u00e1lculo se da bajo la consideraci\u00f3n de que se perder\u00e1n 900 mil empleos formales, lo que implica que los hogares se ver\u00e1n afectados en su ingreso y que no se resolver\u00e1 el problema en el resto del a\u00f1o.<\/p>\n\n\n\n<p>Expuso que en cuanto se tenga la encuesta del Inegi sobre el ingreso y el gasto se ver\u00e1 la cifra de la pobreza, el crecimiento del desempleo y la precarizaci\u00f3n laboral de los trabajos. La informaci\u00f3n se conocer\u00e1 entre septiembre y noviembre de este a\u00f1o.<\/p>\n","protected":false},"excerpt":{"rendered":"<p>El c\u00e1lculo se da bajo la consideraci\u00f3n de que se perder\u00e1n 900 mil empleos formales<\/p>\n","protected":false},"author":81,"featured_media":0,"comment_status":"closed","ping_status":"open","sticky":false,"template":"","format":"standard","meta":{"footnotes":""},"categories":[36],"tags":[],"class_list":["post-107586","post","type-post","status-publish","format-standard","hentry","category-nacion"],"_links":{"self":[{"href":"https:\/\/plazajuarez.mx\/historico\/wp-json\/wp\/v2\/posts\/107586","targetHints":{"allow":["GET"]}}],"collection":[{"href":"https:\/\/plazajuarez.mx\/historico\/wp-json\/wp\/v2\/posts"}],"about":[{"href":"https:\/\/plazajuarez.mx\/historico\/wp-json\/wp\/v2\/types\/post"}],"author":[{"embeddable":true,"href":"https:\/\/plazajuarez.mx\/historico\/wp-json\/wp\/v2\/users\/81"}],"replies":[{"embeddable":true,"href":"https:\/\/plazajuarez.mx\/historico\/wp-json\/wp\/v2\/comments?post=107586"}],"version-history":[{"count":0,"href":"https:\/\/plazajuarez.mx\/historico\/wp-json\/wp\/v2\/posts\/107586\/revisions"}],"wp:attachment":[{"href":"https:\/\/plazajuarez.mx\/historico\/wp-json\/wp\/v2\/media?parent=107586"}],"wp:term":[{"taxonomy":"category","embeddable":true,"href":"https:\/\/plazajuarez.mx\/historico\/wp-json\/wp\/v2\/categories?post=107586"},{"taxonomy":"post_tag","embeddable":true,"href":"https:\/\/plazajuarez.mx\/historico\/wp-json\/wp\/v2\/tags?post=107586"}],"curies":[{"name":"wp","href":"https:\/\/api.w.org\/{rel}","templated":true}]}}