{"id":107573,"date":"2020-05-04T06:00:00","date_gmt":"2020-05-04T06:00:00","guid":{"rendered":"https:\/\/plazajuarez.mx\/?p=107573"},"modified":"2020-05-04T01:45:14","modified_gmt":"2020-05-04T01:45:14","slug":"cantante-yoshio-esta-en-estado-critico-por-covid-19","status":"publish","type":"post","link":"https:\/\/plazajuarez.mx\/historico\/cantante-yoshio-esta-en-estado-critico-por-covid-19\/","title":{"rendered":"Cantante Yoshio est\u00e1 en estado cr\u00edtico por Covid-19"},"content":{"rendered":"\n<p>Despu\u00e9s de que el cantante mexicano Yoshio comparti\u00f3 en sus redes sociales, que lo ingresaron al hospital por sospecha de haber contra\u00eddo Covid-19, a unas horas de su ingreso, sus familiares lo reportan en estado cr\u00edtico.<\/p>\n\n\n\n<p>Sin proporcionar m\u00e1s detalles, la familia del int\u00e9rprete coment\u00f3 en su cuenta oficial de Twitter, que est\u00e1 entubado y sedado, tambi\u00e9n indic\u00f3 que esperan m\u00e1s informaci\u00f3n sobre el avance de su estado de salud, adem\u00e1s agradecieron todos los mensajes de apoyo y cari\u00f1o de todas las personas que han escrito en sus redes sociales.<\/p>\n\n\n\n<p>Yoshio fue un \u00edcono de la balada rom\u00e1ntica en la \u00e9poca de los 70&#8217;s y 80&#8217;s, es recordado por sus \u00e9xitos como &#8220;Esc\u00e1ndalo&#8221; y &#8220;Reina de corazones&#8221;.<\/p>\n\n\n\n<p>Hace unos d\u00edas el m\u00fasico public\u00f3 en Twitter, un par de fotos que se tom\u00f3 con \u00d3scar Ch\u00e1vez, para despedirse de \u00e9l, despu\u00e9s de que tambi\u00e9n fue diagnosticado con coronavirus y a consecuencia de ello muri\u00f3 de neumon\u00eda.<\/p>\n","protected":false},"excerpt":{"rendered":"<p>Despu\u00e9s de que el cantante mexicano Yoshio comparti\u00f3 en sus redes sociales, que lo ingresaron al hospital por sospecha de haber contra\u00eddo Covid-19, a unas horas de su ingreso, sus familiares lo reportan en estado cr\u00edtico. Sin proporcionar m\u00e1s detalles, la familia del int\u00e9rprete coment\u00f3 en su cuenta oficial de Twitter, que est\u00e1 entubado y [&hellip;]<\/p>\n","protected":false},"author":81,"featured_media":0,"comment_status":"closed","ping_status":"open","sticky":false,"template":"","format":"standard","meta":{"footnotes":""},"categories":[38],"tags":[],"class_list":["post-107573","post","type-post","status-publish","format-standard","hentry","category-show"],"_links":{"self":[{"href":"https:\/\/plazajuarez.mx\/historico\/wp-json\/wp\/v2\/posts\/107573","targetHints":{"allow":["GET"]}}],"collection":[{"href":"https:\/\/plazajuarez.mx\/historico\/wp-json\/wp\/v2\/posts"}],"about":[{"href":"https:\/\/plazajuarez.mx\/historico\/wp-json\/wp\/v2\/types\/post"}],"author":[{"embeddable":true,"href":"https:\/\/plazajuarez.mx\/historico\/wp-json\/wp\/v2\/users\/81"}],"replies":[{"embeddable":true,"href":"https:\/\/plazajuarez.mx\/historico\/wp-json\/wp\/v2\/comments?post=107573"}],"version-history":[{"count":0,"href":"https:\/\/plazajuarez.mx\/historico\/wp-json\/wp\/v2\/posts\/107573\/revisions"}],"wp:attachment":[{"href":"https:\/\/plazajuarez.mx\/historico\/wp-json\/wp\/v2\/media?parent=107573"}],"wp:term":[{"taxonomy":"category","embeddable":true,"href":"https:\/\/plazajuarez.mx\/historico\/wp-json\/wp\/v2\/categories?post=107573"},{"taxonomy":"post_tag","embeddable":true,"href":"https:\/\/plazajuarez.mx\/historico\/wp-json\/wp\/v2\/tags?post=107573"}],"curies":[{"name":"wp","href":"https:\/\/api.w.org\/{rel}","templated":true}]}}