{"id":107570,"date":"2020-05-04T06:00:00","date_gmt":"2020-05-04T06:00:00","guid":{"rendered":"https:\/\/plazajuarez.mx\/?p=107570"},"modified":"2020-05-04T01:47:11","modified_gmt":"2020-05-04T01:47:11","slug":"medios-iberoamericanos-resaltan-a-la-prensa-en-tiempos-de-crisis","status":"publish","type":"post","link":"https:\/\/plazajuarez.mx\/historico\/medios-iberoamericanos-resaltan-a-la-prensa-en-tiempos-de-crisis\/","title":{"rendered":"Medios iberoamericanos resaltan a la prensa en tiempos de crisis"},"content":{"rendered":"\n<p><strong>Ayer fue el D\u00eda Mundial de la Libertad de Prensa y algunas asociaciones dieron realce a la importancia del papel del periodismo en las sociedades democr\u00e1ticas<\/strong><\/p>\n\n\n\n<!--more-->\n\n\n\n<p>Varias asociaciones de medios de comunicaci\u00f3n iberoamericanos resaltaron el d\u00eda de ayer, con motivo del D\u00eda Mundial de la Libertad de Prensa, la importancia del papel del periodismo en las sociedades democr\u00e1ticas en tiempos de crisis como la actual pandemia de coronavirus.<\/p>\n\n\n\n<p>Las asociaciones se\u00f1alan en un comunicado que &#8220;nuestros periodistas se ponen en riesgo cada d\u00eda&#8221; para ofrecer a sus comunidad informaci\u00f3n fiable y veraz, dentro de un contexto &#8220;especialmente complejo&#8221;.<\/p>\n\n\n\n<p>&#8220;Este trabajo es vital en la actual coyuntura, donde la difusi\u00f3n de desinformaci\u00f3n en redes sociales es una amenaza creciente, y la salud de la democracia se pone en peligro en nuestros respectivos pa\u00edses&#8221;, recalcan.<\/p>\n\n\n\n<p>Todo ello, a pesar de que la pandemia gener\u00f3 una crisis econ\u00f3mica que afecta &#8220;gravemente&#8221; al sector, pues la ca\u00edda de la circulaci\u00f3n y de la publicidad, lo que oblig\u00f3 a muchas compa\u00f1\u00edas a recortar p\u00e1ginas y n\u00f3minas y, en algunos casos, cierres temporales o incluso permanentes.<\/p>\n\n\n\n<p>El comunicado est\u00e1 firmado por la espa\u00f1ola AMI, la brasile\u00f1a ANJ, la argentina ADEPA, la ecuatoriana AEDEP, la chilena ANP y la Asociaci\u00f3n Mundial de Peri\u00f3dicos y Editores de Noticias (WAN-IFRA), que representa a m\u00e1s de 18.000 publicaciones en todo el mundo.<\/p>\n\n\n\n<p>Solicitan apoyo econ\u00f3mico salir de la actual crisis porque la sociedad &#8220;hoy m\u00e1s que nunca, necesita de medios fuertes y solventes&#8221;, pero tambi\u00e9n &#8220;para garantizar el futuro del periodismo de calidad&#8221;.<\/p>\n\n\n\n<p>Tambi\u00e9n recalcan su &#8220;compromiso con la sociedad&#8221; y subrayan que los medios de informaci\u00f3n son &#8220;esenciales en el presente y futuro de la democracia&#8221;.<\/p>\n\n\n\n<p>Por ello, piden a los gobiernos iberoamericanos que hagan posible un entorno que garantice que &#8220;el periodismo de calidad seguir\u00e1 siendo posible&#8221; en la regi\u00f3n &#8220;despu\u00e9s de esta pandemia&#8221;.<\/p>\n\n\n\n<p>Desde octubre pasado, nueve periodistas han sido asesinados en M\u00e9xico (3), Honduras, Guatemala, Paraguay, Colombia y Hait\u00ed, mientras que otra informadora desapareci\u00f3 en Per\u00fa, seg\u00fan datos de la Sociedad Interamericana de Prensa (SIP).<\/p>\n","protected":false},"excerpt":{"rendered":"<p>Ayer fue el D\u00eda Mundial de la Libertad de Prensa y algunas asociaciones dieron realce a la importancia del papel del periodismo en las sociedades democr\u00e1ticas<\/p>\n","protected":false},"author":80,"featured_media":0,"comment_status":"closed","ping_status":"open","sticky":false,"template":"","format":"standard","meta":{"footnotes":""},"categories":[41],"tags":[],"class_list":["post-107570","post","type-post","status-publish","format-standard","hentry","category-arteria-cultural"],"_links":{"self":[{"href":"https:\/\/plazajuarez.mx\/historico\/wp-json\/wp\/v2\/posts\/107570","targetHints":{"allow":["GET"]}}],"collection":[{"href":"https:\/\/plazajuarez.mx\/historico\/wp-json\/wp\/v2\/posts"}],"about":[{"href":"https:\/\/plazajuarez.mx\/historico\/wp-json\/wp\/v2\/types\/post"}],"author":[{"embeddable":true,"href":"https:\/\/plazajuarez.mx\/historico\/wp-json\/wp\/v2\/users\/80"}],"replies":[{"embeddable":true,"href":"https:\/\/plazajuarez.mx\/historico\/wp-json\/wp\/v2\/comments?post=107570"}],"version-history":[{"count":0,"href":"https:\/\/plazajuarez.mx\/historico\/wp-json\/wp\/v2\/posts\/107570\/revisions"}],"wp:attachment":[{"href":"https:\/\/plazajuarez.mx\/historico\/wp-json\/wp\/v2\/media?parent=107570"}],"wp:term":[{"taxonomy":"category","embeddable":true,"href":"https:\/\/plazajuarez.mx\/historico\/wp-json\/wp\/v2\/categories?post=107570"},{"taxonomy":"post_tag","embeddable":true,"href":"https:\/\/plazajuarez.mx\/historico\/wp-json\/wp\/v2\/tags?post=107570"}],"curies":[{"name":"wp","href":"https:\/\/api.w.org\/{rel}","templated":true}]}}