{"id":107569,"date":"2020-05-04T06:00:00","date_gmt":"2020-05-04T06:00:00","guid":{"rendered":"https:\/\/plazajuarez.mx\/?p=107569"},"modified":"2020-05-04T01:46:03","modified_gmt":"2020-05-04T01:46:03","slug":"alex-lora-cocina-museo-de-el-tri","status":"publish","type":"post","link":"https:\/\/plazajuarez.mx\/historico\/alex-lora-cocina-museo-de-el-tri\/","title":{"rendered":"Alex Lora &#8220;cocina&#8221; museo de El Tri"},"content":{"rendered":"\n<p><strong>&#8220;El museo va a estar hecho por la banda porque ha hecho muchos trabajos, guitarras de hierro forjado, estatuas&#8221;, confirm\u00f3 el m\u00fasico<\/strong><\/p>\n\n\n\n<!--more-->\n\n\n\n<p>Alex Lora y su &#8220;domadora&#8221; Chela Lora reiteraron esta tarde la idea de concretar un museo sobre la banda roquera El Tri. Durante un recital online desde su hogar, el l\u00edder de la banda apunt\u00f3 que hay varios objetos, como la serie de guitarras decoradas por presos del Reclusorio Oriente, en la Ciudad de M\u00e9xico.<\/p>\n\n\n\n<p>&#8220;Tenemos revistas, trabajos, objetos, muchas cosas hechas por la banda (seguidores)&#8221;, indic\u00f3 el fundador de la agrupaci\u00f3n. Chela Lora record\u00f3 que es un proyecto que lleva cuatro a\u00f1os cocin\u00e1ndose. Un adelanto se dio en una exposici\u00f3n montada por los 50 a\u00f1os de El Tri.<\/p>\n\n\n\n<p>&#8220;El museo va a estar hecho por la banda porque ha hecho muchos trabajos, guitarras de hierro forjado, estatuas&#8221;, confirm\u00f3. Durante una hora y acompa\u00f1ados por una guitarra, ambos ofrecieron el concierto &#8220;Tributo a la vida 2&#8221;, en donde interpretaron canciones como &#8220;Abuso de autoridad&#8221;, &#8220;Triste canci\u00f3n&#8221;, &#8220;Pobre so\u00f1ador&#8221; y &#8220;Las piedras rodantes&#8221;. &#8220;Estamos distanciados por la enfermedad, el virus y todo ese rollo&#8221;, destac\u00f3 Lora.<\/p>\n\n\n\n<p>&#8220;Nos acordamos de los valedores que se nos adelantaron, quisi\u00e9ramos que estuvieran conectados (online) con nosotros, pero pues est\u00e1n conectados desde el cielo, viendo todo esto, cantando y olvid\u00e1ndose de sus broncas tambi\u00e9n&#8221;, expuso. El roquero, que apenas la semana pasada hab\u00eda ofrecido un concierto similar, record\u00f3, entre otros, a Joan Sebastian, Facundo Cabral y Roberto Cantoral.<\/p>\n","protected":false},"excerpt":{"rendered":"<p>&#8220;El museo va a estar hecho por la banda porque ha hecho muchos trabajos, guitarras de hierro forjado, estatuas&#8221;, confirm\u00f3 el m\u00fasico<\/p>\n","protected":false},"author":81,"featured_media":0,"comment_status":"closed","ping_status":"open","sticky":false,"template":"","format":"standard","meta":{"footnotes":""},"categories":[38],"tags":[],"class_list":["post-107569","post","type-post","status-publish","format-standard","hentry","category-show"],"_links":{"self":[{"href":"https:\/\/plazajuarez.mx\/historico\/wp-json\/wp\/v2\/posts\/107569","targetHints":{"allow":["GET"]}}],"collection":[{"href":"https:\/\/plazajuarez.mx\/historico\/wp-json\/wp\/v2\/posts"}],"about":[{"href":"https:\/\/plazajuarez.mx\/historico\/wp-json\/wp\/v2\/types\/post"}],"author":[{"embeddable":true,"href":"https:\/\/plazajuarez.mx\/historico\/wp-json\/wp\/v2\/users\/81"}],"replies":[{"embeddable":true,"href":"https:\/\/plazajuarez.mx\/historico\/wp-json\/wp\/v2\/comments?post=107569"}],"version-history":[{"count":0,"href":"https:\/\/plazajuarez.mx\/historico\/wp-json\/wp\/v2\/posts\/107569\/revisions"}],"wp:attachment":[{"href":"https:\/\/plazajuarez.mx\/historico\/wp-json\/wp\/v2\/media?parent=107569"}],"wp:term":[{"taxonomy":"category","embeddable":true,"href":"https:\/\/plazajuarez.mx\/historico\/wp-json\/wp\/v2\/categories?post=107569"},{"taxonomy":"post_tag","embeddable":true,"href":"https:\/\/plazajuarez.mx\/historico\/wp-json\/wp\/v2\/tags?post=107569"}],"curies":[{"name":"wp","href":"https:\/\/api.w.org\/{rel}","templated":true}]}}