{"id":107455,"date":"2020-05-03T06:00:00","date_gmt":"2020-05-03T06:00:00","guid":{"rendered":"https:\/\/plazajuarez.mx\/?p=107455"},"modified":"2020-05-03T03:09:46","modified_gmt":"2020-05-03T03:09:46","slug":"leon-imparable-y-vuelve-al-liderato-de-la-eliga","status":"publish","type":"post","link":"https:\/\/plazajuarez.mx\/historico\/leon-imparable-y-vuelve-al-liderato-de-la-eliga\/","title":{"rendered":"Le\u00f3n imparable y vuelve al liderato de la eLiga"},"content":{"rendered":"\n<p><strong>5-1 fue el resultado final a favor de la Fiera\u00a0<\/strong><\/p>\n\n\n\n<!--more-->\n\n\n\n<p>Nicol\u00e1s Sosa, volante del Le\u00f3n, se mantiene como la gran figura de la eLiga MX, con siete partidos sin perder, seis de ellos victorias.\u00a0<\/p>\n\n\n\n<p>Kevin Mercado, del Necaxa, fue la nueva v\u00edctima para el uruguayo, quien se llev\u00f3 el triunfo por 5-1.<\/p>\n\n\n\n<p>\u00c1ngel Mena y Jos\u00e9 Rodr\u00edguez, los otros representantes de los esmeralda, siguen a la espera de jugar, ya que Sosa dijo que no dejar\u00eda el control hasta que perdiera.<\/p>\n\n\n\n<p>El Le\u00f3n se adelant\u00f3 en el arranque del duelo, sin festejo por parte del charr\u00faa. El hidroc\u00e1lido igual\u00f3 y se ilusion\u00f3 con competirle a la estrella de este certamen virtual.\u00a0<\/p>\n\n\n\n<p>Sosa meti\u00f3 el segundo y, antes del descanso, un golazo de tiro libre fue el tercero a favor de La Fiera. Mat\u00f3 el sue\u00f1o de Mercado, quien ya se ve\u00eda como la sorpresa del fin de semana.<\/p>\n\n\n\n<p>Para el complemento, Sosa no tard\u00f3 en anotar el cuarto gol a su favor. En el 45&#8242;, la goleada se expandi\u00f3 a 5-1.<\/p>\n\n\n\n<p>Con esta victoria, el Le\u00f3n retom\u00f3 el liderato del certamen, con 19 puntos, dos m\u00e1s que el Toluca, sembrado en el segundo sitio. El Necaxa no levanta y tiene seis unidades.<\/p>\n\n\n\n<p>Por otro lado, \u00a0en el \u00faltimo suspiro, los Pumas volvieron a perder en la eLiga MX.<\/p>\n\n\n\n<p>Juan Pablo Vig\u00f3n, de los auriazules, sucumbi\u00f3 3-4 frente a \u00a0Luis Malag\u00f3n, portero del Morelia, quien dio la voltereta.<\/p>\n\n\n\n<p>El choque entre universitarios y michoacanos fue otro partido perjudicado por la tecnolog\u00eda. La conexi\u00f3n se interrumpi\u00f3 en el segundo tiempo, por lo que intervino la comisionada Melissa Zepeda.<\/p>\n\n\n\n<p>El auriazul tuvo que reinstalar su consola para concluir el juego de la Jornada 7 de la eLiga MX.<\/p>\n\n\n\n<p>Vig\u00f3n se fue al frente muy pronto en el partido, con dos goles a favor, que le daba confianza al mediocampista auriazul.<\/p>\n\n\n\n<p>El arquero michoacano presion\u00f3 pero no alcanzaba a marcar, frente a un Alfredo Sald\u00edvar en su mejor versi\u00f3n. Antes del pitazo para el medio tiempo, Malag\u00f3n recort\u00f3 la distancia en los cartones.<\/p>\n","protected":false},"excerpt":{"rendered":"<p>5-1 fue el resultado final a favor de la Fiera\u00a0<\/p>\n","protected":false},"author":81,"featured_media":0,"comment_status":"closed","ping_status":"open","sticky":false,"template":"","format":"standard","meta":{"footnotes":""},"categories":[39],"tags":[],"class_list":["post-107455","post","type-post","status-publish","format-standard","hentry","category-deportiva"],"_links":{"self":[{"href":"https:\/\/plazajuarez.mx\/historico\/wp-json\/wp\/v2\/posts\/107455","targetHints":{"allow":["GET"]}}],"collection":[{"href":"https:\/\/plazajuarez.mx\/historico\/wp-json\/wp\/v2\/posts"}],"about":[{"href":"https:\/\/plazajuarez.mx\/historico\/wp-json\/wp\/v2\/types\/post"}],"author":[{"embeddable":true,"href":"https:\/\/plazajuarez.mx\/historico\/wp-json\/wp\/v2\/users\/81"}],"replies":[{"embeddable":true,"href":"https:\/\/plazajuarez.mx\/historico\/wp-json\/wp\/v2\/comments?post=107455"}],"version-history":[{"count":0,"href":"https:\/\/plazajuarez.mx\/historico\/wp-json\/wp\/v2\/posts\/107455\/revisions"}],"wp:attachment":[{"href":"https:\/\/plazajuarez.mx\/historico\/wp-json\/wp\/v2\/media?parent=107455"}],"wp:term":[{"taxonomy":"category","embeddable":true,"href":"https:\/\/plazajuarez.mx\/historico\/wp-json\/wp\/v2\/categories?post=107455"},{"taxonomy":"post_tag","embeddable":true,"href":"https:\/\/plazajuarez.mx\/historico\/wp-json\/wp\/v2\/tags?post=107455"}],"curies":[{"name":"wp","href":"https:\/\/api.w.org\/{rel}","templated":true}]}}