{"id":107130,"date":"2020-04-30T06:00:00","date_gmt":"2020-04-30T06:00:00","guid":{"rendered":"https:\/\/plazajuarez.mx\/?p=107130"},"modified":"2020-04-30T04:56:14","modified_gmt":"2020-04-30T04:56:14","slug":"sep-1-de-junio-fecha-de-regreso-a-clases","status":"publish","type":"post","link":"https:\/\/plazajuarez.mx\/historico\/sep-1-de-junio-fecha-de-regreso-a-clases\/","title":{"rendered":"SEP: 1 de junio, fecha de regreso a clases"},"content":{"rendered":"\n<p><strong>Para municipios libres de riesgo, est\u00e1 la posibilidad de iniciar el 18 de mayo<\/strong><\/p>\n\n\n\n<!--more-->\n\n\n\n<p>El titular de la Secretar\u00eda de Educaci\u00f3n P\u00fablica (SEP), Esteban Moctezuma Barrag\u00e1n, inform\u00f3 que se mantiene el 1 de junio como la fecha para el regreso total a clases, y esto se confirmar\u00e1 si se cubren todas las medidas de sana distancia y se llega a ese d\u00eda en condiciones de hacerlo ante la pandemia por Covid-19.<\/p>\n\n\n\n<p>En una pl\u00e1tica virtual con los integrantes de la Comisi\u00f3n de Educaci\u00f3n de la C\u00e1mara de Diputados, Moctezuma Barrag\u00e1n dijo que la fecha de retorno a clases para los municipios que est\u00e9n libres de riesgo y est\u00e9n en posibilidad de iniciar clases, ser\u00e1 el 18 de mayo.<\/p>\n\n\n\n<p>&#8220;El posible regreso a clases en todas las escuelas del pa\u00eds a partir del 1\u00b0 de junio de este a\u00f1o, si y s\u00f3lo si, como dice el subsecretario L\u00f3pez-Gatell, se cubren con todas las medidas de sana distancia y se llega a esta fecha en condiciones de hacerlo.<\/p>\n\n\n\n<p>&#8220;Lo mismo para los municipios que en este momento est\u00e1n libres de riesgo se plantea la posibilidad de iniciar actividades el 18 de mayo de este a\u00f1o si es posible y si los municipios aleda\u00f1os contin\u00faan tambi\u00e9n en condiciones de hacerlo&#8221;, explic\u00f3 Moctezuma Barrag\u00e1n.<\/p>\n","protected":false},"excerpt":{"rendered":"<p>Para municipios libres de riesgo, est\u00e1 la posibilidad de iniciar el 18 de mayo<\/p>\n","protected":false},"author":81,"featured_media":0,"comment_status":"closed","ping_status":"open","sticky":false,"template":"","format":"standard","meta":{"footnotes":""},"categories":[36],"tags":[],"class_list":["post-107130","post","type-post","status-publish","format-standard","hentry","category-nacion"],"_links":{"self":[{"href":"https:\/\/plazajuarez.mx\/historico\/wp-json\/wp\/v2\/posts\/107130","targetHints":{"allow":["GET"]}}],"collection":[{"href":"https:\/\/plazajuarez.mx\/historico\/wp-json\/wp\/v2\/posts"}],"about":[{"href":"https:\/\/plazajuarez.mx\/historico\/wp-json\/wp\/v2\/types\/post"}],"author":[{"embeddable":true,"href":"https:\/\/plazajuarez.mx\/historico\/wp-json\/wp\/v2\/users\/81"}],"replies":[{"embeddable":true,"href":"https:\/\/plazajuarez.mx\/historico\/wp-json\/wp\/v2\/comments?post=107130"}],"version-history":[{"count":0,"href":"https:\/\/plazajuarez.mx\/historico\/wp-json\/wp\/v2\/posts\/107130\/revisions"}],"wp:attachment":[{"href":"https:\/\/plazajuarez.mx\/historico\/wp-json\/wp\/v2\/media?parent=107130"}],"wp:term":[{"taxonomy":"category","embeddable":true,"href":"https:\/\/plazajuarez.mx\/historico\/wp-json\/wp\/v2\/categories?post=107130"},{"taxonomy":"post_tag","embeddable":true,"href":"https:\/\/plazajuarez.mx\/historico\/wp-json\/wp\/v2\/tags?post=107130"}],"curies":[{"name":"wp","href":"https:\/\/api.w.org\/{rel}","templated":true}]}}