{"id":107125,"date":"2020-04-30T06:00:00","date_gmt":"2020-04-30T06:00:00","guid":{"rendered":"https:\/\/plazajuarez.mx\/?p=107125"},"modified":"2020-04-30T04:50:20","modified_gmt":"2020-04-30T04:50:20","slug":"amlo-busca-aduenarse-del-presupuesto-pri","status":"publish","type":"post","link":"https:\/\/plazajuarez.mx\/historico\/amlo-busca-aduenarse-del-presupuesto-pri\/","title":{"rendered":"\u201cAMLO busca adue\u00f1arse del Presupuesto\u201d: PRI"},"content":{"rendered":"\n<p><strong>\u201cBusca imposici\u00f3n de una dictadura para adue\u00f1arse del presupuesto&#8221; y ejercerlo como patrimonio personal\u201d<\/strong><\/p>\n\n\n\n<!--more-->\n\n\n\n<p>La bancada del PRI acus\u00f3 al presidente L\u00f3pez Obrador de buscar &#8220;la imposici\u00f3n de una dictadura&#8221; con su iniciativa &#8220;para adue\u00f1arse del presupuesto&#8221; y ejercerlo como patrimonio personal, sin procesos de fiscalizaci\u00f3n, ni evaluaci\u00f3n de resultados..\u00a0\u00a0<\/p>\n\n\n\n<p>El vicecoordinador y vocero de la bancada del PRI en la C\u00e1mara de Diputados, H\u00e9ctor Yunes Landa, advirti\u00f3 que la iniciativa de reforma a la Ley Federal de Presupuesto y Responsabilidad Hacendaria es &#8220;para adue\u00f1arse del Presupuesto (y) es un atajo en su ruta de imponernos una dictadura&#8221;.&nbsp;<\/p>\n\n\n\n<p><strong>AMLO, INSACIABLE VORACIDAD POR RECURSOS: PRD&nbsp;<\/strong><\/p>\n\n\n\n<p>El grupo parlamentario del PRD en la C\u00e1mara de Diputados dijo que no avalar\u00e1 ninguna iniciativa que busque otorgar atribuciones excesivas al Ejecutivo Federal. Las y los diputados perredistas calificaron de &#8220;ilegal pretensi\u00f3n autoritaria&#8221; el Decreto de Austeridad y la iniciativa de reforma a la Ley Federal de Presupuesto y Responsabilidad Hacendaria.<\/p>\n","protected":false},"excerpt":{"rendered":"<p>\u201cBusca imposici\u00f3n de una dictadura para adue\u00f1arse del presupuesto&#8221; y ejercerlo como patrimonio personal\u201d<\/p>\n","protected":false},"author":81,"featured_media":0,"comment_status":"closed","ping_status":"open","sticky":false,"template":"","format":"standard","meta":{"footnotes":""},"categories":[36],"tags":[],"class_list":["post-107125","post","type-post","status-publish","format-standard","hentry","category-nacion"],"_links":{"self":[{"href":"https:\/\/plazajuarez.mx\/historico\/wp-json\/wp\/v2\/posts\/107125","targetHints":{"allow":["GET"]}}],"collection":[{"href":"https:\/\/plazajuarez.mx\/historico\/wp-json\/wp\/v2\/posts"}],"about":[{"href":"https:\/\/plazajuarez.mx\/historico\/wp-json\/wp\/v2\/types\/post"}],"author":[{"embeddable":true,"href":"https:\/\/plazajuarez.mx\/historico\/wp-json\/wp\/v2\/users\/81"}],"replies":[{"embeddable":true,"href":"https:\/\/plazajuarez.mx\/historico\/wp-json\/wp\/v2\/comments?post=107125"}],"version-history":[{"count":0,"href":"https:\/\/plazajuarez.mx\/historico\/wp-json\/wp\/v2\/posts\/107125\/revisions"}],"wp:attachment":[{"href":"https:\/\/plazajuarez.mx\/historico\/wp-json\/wp\/v2\/media?parent=107125"}],"wp:term":[{"taxonomy":"category","embeddable":true,"href":"https:\/\/plazajuarez.mx\/historico\/wp-json\/wp\/v2\/categories?post=107125"},{"taxonomy":"post_tag","embeddable":true,"href":"https:\/\/plazajuarez.mx\/historico\/wp-json\/wp\/v2\/tags?post=107125"}],"curies":[{"name":"wp","href":"https:\/\/api.w.org\/{rel}","templated":true}]}}