{"id":107122,"date":"2020-04-30T06:00:00","date_gmt":"2020-04-30T06:00:00","guid":{"rendered":"https:\/\/plazajuarez.mx\/?p=107122"},"modified":"2020-04-30T04:47:00","modified_gmt":"2020-04-30T04:47:00","slug":"suman-mil-732-muertos-y-17-mil-799-contagios","status":"publish","type":"post","link":"https:\/\/plazajuarez.mx\/historico\/suman-mil-732-muertos-y-17-mil-799-contagios\/","title":{"rendered":"Suman mil 732 muertos y 17 mil 799 contagios"},"content":{"rendered":"\n<p><strong>Al menos 5 mil 444 casos son considerados activos, es decir, se registraron en los \u00faltimos 14 d\u00edas<\/strong><\/p>\n\n\n\n<!--more-->\n\n\n\n<p>La cifra de personas muertas a consecuencia de Covid-19 se increment\u00f3 a mil 732, un aumento de 163 muertes de un d\u00eda a otro.<\/p>\n\n\n\n<p>En el informe diario que autoridades de la Secretar\u00eda de Salud dan a conocer diariamente, se exhibi\u00f3 que ya son 17 mil 799 personas contagiados con la enfermedad del coronavirus, mil 47 m\u00e1s que ayer martes.<\/p>\n\n\n\n<p>Al menos 5 mil 444 casos son considerados activos, es decir, se registraron en los \u00faltimos 14 d\u00edas. Mientras que los casos sospechosos suman 13 mil 263 y los negativos 50 mil 850.<\/p>\n\n\n\n<p>El subsecretario de Salud, Hugo L\u00f3pez-Gatell, ofreci\u00f3 la tarde de este mi\u00e9rcoles detalles del avance del coronavirus en M\u00e9xico, en la conferencia diaria desde Palacio Nacional.<\/p>\n\n\n\n<p>Hasta este martes, la Secretar\u00eda de Salud hab\u00eda confirmado 16 mil 752 contagios, 5 mil 329 casos activos y mil 569 muertos por coronavirus en M\u00e9xico. Adem\u00e1s, la Secretar\u00eda de Educaci\u00f3n P\u00fablica detall\u00f3 que el regreso a clases se mantiene al 1 de junio.<\/p>\n\n\n\n<p>Por su parte, Estados Unidos asegur\u00f3 que el medicamento Remdesivir muestra un claro efecto positivo contra el Covid-19 pues, afirma, disminuye el tiempo en la recuperaci\u00f3n de los pacientes con este virus.<\/p>\n","protected":false},"excerpt":{"rendered":"<p>Al menos 5 mil 444 casos son considerados activos, es decir, se registraron en los \u00faltimos 14 d\u00edas<\/p>\n","protected":false},"author":81,"featured_media":0,"comment_status":"closed","ping_status":"open","sticky":false,"template":"","format":"standard","meta":{"footnotes":""},"categories":[36],"tags":[],"class_list":["post-107122","post","type-post","status-publish","format-standard","hentry","category-nacion"],"_links":{"self":[{"href":"https:\/\/plazajuarez.mx\/historico\/wp-json\/wp\/v2\/posts\/107122","targetHints":{"allow":["GET"]}}],"collection":[{"href":"https:\/\/plazajuarez.mx\/historico\/wp-json\/wp\/v2\/posts"}],"about":[{"href":"https:\/\/plazajuarez.mx\/historico\/wp-json\/wp\/v2\/types\/post"}],"author":[{"embeddable":true,"href":"https:\/\/plazajuarez.mx\/historico\/wp-json\/wp\/v2\/users\/81"}],"replies":[{"embeddable":true,"href":"https:\/\/plazajuarez.mx\/historico\/wp-json\/wp\/v2\/comments?post=107122"}],"version-history":[{"count":0,"href":"https:\/\/plazajuarez.mx\/historico\/wp-json\/wp\/v2\/posts\/107122\/revisions"}],"wp:attachment":[{"href":"https:\/\/plazajuarez.mx\/historico\/wp-json\/wp\/v2\/media?parent=107122"}],"wp:term":[{"taxonomy":"category","embeddable":true,"href":"https:\/\/plazajuarez.mx\/historico\/wp-json\/wp\/v2\/categories?post=107122"},{"taxonomy":"post_tag","embeddable":true,"href":"https:\/\/plazajuarez.mx\/historico\/wp-json\/wp\/v2\/tags?post=107122"}],"curies":[{"name":"wp","href":"https:\/\/api.w.org\/{rel}","templated":true}]}}