{"id":107116,"date":"2020-04-30T06:00:00","date_gmt":"2020-04-30T06:00:00","guid":{"rendered":"https:\/\/plazajuarez.mx\/?p=107116"},"modified":"2020-04-30T04:41:18","modified_gmt":"2020-04-30T04:41:18","slug":"muertes-por-covid-19-son-reales-no-son-mentira","status":"publish","type":"post","link":"https:\/\/plazajuarez.mx\/historico\/muertes-por-covid-19-son-reales-no-son-mentira\/","title":{"rendered":"\u201cMuertes por Covid-19 son reales, no son mentira\u201d"},"content":{"rendered":"\n<p><strong>Al fallecer la persona, si la familia decide inhumaci\u00f3n no deben pasar ni cuatro horas, antes de que sea sepultado<\/strong><\/p>\n\n\n\n<!--more-->\n\n\n\n<p>\u201cLas muertes por Covid-19 son reales, no son mentira. Tienen que creerlo, los casos ya est\u00e1n m\u00e1s cercanos a nuestra regi\u00f3n y al municipio de Tula\u201d, expres\u00f3 Emmanuel Hern\u00e1ndez Montoya, gerente en turno de Inhumaciones y Velatorios \u201cEl \u00c1ngel\u201d.\u00a0<\/p>\n\n\n\n<p>Se\u00f1al\u00f3 que en la regi\u00f3n de Tula han brindado el servicio de varios casos que ha dejado la pandemia y que lo han hecho cumpliendo de manera estricta con todas las medidas sanitarias establecidas en los lineamientos de Manejo de Cad\u00e1veres por el SARS-CoV-2.<\/p>\n\n\n\n<p>Puntualiz\u00f3 que de acuerdo a los lineamientos, el personal de la funeraria est\u00e1 cumpliendo a cabalidad; adem\u00e1s de que es una responsabilidad humanista llevar a cabo el manejo de los cuerpos que hayan presentado Covid-19 o est\u00e9n diagnosticados como sospechosos y que toda esa labor la realizan cuidando la integridad del personal de la Funeraria, al portar el equipo adecuado para ese tipo de circunstancias.<\/p>\n\n\n\n<h4 class=\"wp-block-heading\"><strong>NO SE PUEDE ABRIR LA BOLSA QUE CONTIENE EL CAD\u00c1VER<\/strong><\/h4>\n\n\n\n<p>Dijo que la instancia sanitaria es la que explica a los familiares sobre el manejo del cad\u00e1ver y que incluso el sector salud es quien decide si dentro del mismo hospital con el equipo de protecci\u00f3n se puede ver por \u00faltima vez a su familiar, toda vez que luego de que se entrega a la funeraria el cuerpo, no se puede abrir por ning\u00fan motivo la bolsa donde se transporta, ya que est\u00e1 debidamente sellada y sanitizada con cloro para que se realice el traslado del cuerpo y llegar ya sea a la inhumaci\u00f3n o cremaci\u00f3n.<\/p>\n\n\n\n<p>Emmanuel Hern\u00e1ndez explic\u00f3 que posterior a que la persona fallece si es que la familia decide inhumaci\u00f3n no deben pasar m\u00e1s cuatro horas antes de que sea sepultado, por lo que s\u00f3lo en ese lapso de tiempo se puede velar y que si es cremaci\u00f3n se recomienda se realice pr\u00e1cticamente de manera directa, toda vez que con el estricto protocolo lo que se busca es evitar la propagaci\u00f3n del virus.<\/p>\n\n\n\n<h4 class=\"wp-block-heading\"><strong>SI LA PERSONA FALLECE EN LA MADRUGADA, DEBE CREMARSE&nbsp;<\/strong><\/h4>\n\n\n\n<p>Aclar\u00f3 que si una persona fallece en la noche o en la madrugada, el manejo del cuerpo debe ser cremaci\u00f3n, ya que por el horario no se puede ir a sepultar.&nbsp;<\/p>\n\n\n\n<p>Dijo que para protecci\u00f3n del personal de la funeraria se utilizan los trajes especiales recomendados por el sector salud, as\u00ed como las mascarillas y filtros N95, botas y tres capas de guantes; y que este equipo no s\u00f3lo lo est\u00e1n utilizando para los casos confirmados de Covid-19 o sospechosos, sino tambi\u00e9n en casos de neumon\u00eda, \u201cEsto como parte de la responsabilidad que la empresa tiene con la integridad y salud del personal, pero de ninguna manera para causar alarma entre la poblaci\u00f3n, por lo que les pedimos su comprensi\u00f3n de que estamos prestando un servicio funerario\u201d.<\/p>\n\n\n\n<p>Agreg\u00f3: \u201cTodos debemos hacer conciencia de que estamos enfrentando una emergencia sanitaria y&nbsp; debemos cuidarnos, porque en el caso de nosotros s\u00ed estamos atendiendo cremaciones e inhumaciones por casos de Covid-19\u201d. Pero enfatiz\u00f3 que por humanismo, no pod\u00eda revelar cu\u00e1ntos servicios han brindado.<\/p>\n\n\n\n<p>Emmanuel Hern\u00e1ndez puntualiz\u00f3 que Inhumaciones y Velatorios \u201cEl \u00c1ngel\u201d&nbsp; siempre se ha&nbsp; distinguido por su humanismo y que en esta emergencia no debe ser la excepci\u00f3n, por lo que los costos de inhumaci\u00f3n y cremaci\u00f3n siguen igual que durante el a\u00f1o; han manejado que cuesta alrededor de 11 mil pesos y que s\u00f3lo en los casos Covid-19 se cobra un costo adicional por el equipo especial que se utiliza para el manejo del cad\u00e1ver&nbsp; y que solo sube un poco, pero que de ninguna manera es un abuso.&nbsp;&nbsp;<\/p>\n","protected":false},"excerpt":{"rendered":"<p>Al fallecer la persona, si la familia decide inhumaci\u00f3n no deben pasar ni cuatro horas, antes de que sea sepultado<\/p>\n","protected":false},"author":71,"featured_media":0,"comment_status":"closed","ping_status":"open","sticky":false,"template":"","format":"standard","meta":{"footnotes":""},"categories":[40],"tags":[],"class_list":["post-107116","post","type-post","status-publish","format-standard","hentry","category-region"],"_links":{"self":[{"href":"https:\/\/plazajuarez.mx\/historico\/wp-json\/wp\/v2\/posts\/107116","targetHints":{"allow":["GET"]}}],"collection":[{"href":"https:\/\/plazajuarez.mx\/historico\/wp-json\/wp\/v2\/posts"}],"about":[{"href":"https:\/\/plazajuarez.mx\/historico\/wp-json\/wp\/v2\/types\/post"}],"author":[{"embeddable":true,"href":"https:\/\/plazajuarez.mx\/historico\/wp-json\/wp\/v2\/users\/71"}],"replies":[{"embeddable":true,"href":"https:\/\/plazajuarez.mx\/historico\/wp-json\/wp\/v2\/comments?post=107116"}],"version-history":[{"count":0,"href":"https:\/\/plazajuarez.mx\/historico\/wp-json\/wp\/v2\/posts\/107116\/revisions"}],"wp:attachment":[{"href":"https:\/\/plazajuarez.mx\/historico\/wp-json\/wp\/v2\/media?parent=107116"}],"wp:term":[{"taxonomy":"category","embeddable":true,"href":"https:\/\/plazajuarez.mx\/historico\/wp-json\/wp\/v2\/categories?post=107116"},{"taxonomy":"post_tag","embeddable":true,"href":"https:\/\/plazajuarez.mx\/historico\/wp-json\/wp\/v2\/tags?post=107116"}],"curies":[{"name":"wp","href":"https:\/\/api.w.org\/{rel}","templated":true}]}}