{"id":107108,"date":"2020-04-30T06:00:00","date_gmt":"2020-04-30T06:00:00","guid":{"rendered":"https:\/\/plazajuarez.mx\/?p=107108"},"modified":"2020-04-30T04:15:48","modified_gmt":"2020-04-30T04:15:48","slug":"caso-positivo-de-covid-19-endurece-medidas-en-alfajayucan","status":"publish","type":"post","link":"https:\/\/plazajuarez.mx\/historico\/caso-positivo-de-covid-19-endurece-medidas-en-alfajayucan\/","title":{"rendered":"Caso positivo de Covid-19, endurece medidas en Alfajayucan"},"content":{"rendered":"\n<p><strong>Ante el contagio, se han implementado medidas m\u00e1s restrictivas\u00a0<\/strong><\/p>\n\n\n\n<p><strong>No se revelar\u00e1 el nombre ni la residencia de la persona que se encuentra afectada por Covid-19<\/strong><\/p>\n\n\n\n<!--more-->\n\n\n\n<p>El alcalde, Toribio Ram\u00edrez, increment\u00f3 las medidas preventivas en el municipio, luego de resultar un caso positivo Covid-19 en Alfajayucan, aunque no dio datos de la persona contagiada.&nbsp;<\/p>\n\n\n\n<p>Expuso que, como alcalde, actuar\u00e1 con responsabilidad, \u201cpor ese motivo no ser\u00e1 revelado el nombre ni la residencia de la persona que se encuentra afectada por Covid-19\u201d. De hacerse, mencion\u00f3, se generar\u00eda violencia o discriminaci\u00f3n hacia la v\u00edctima.&nbsp;<\/p>\n\n\n\n<p>Expuso que se deben redoblar las medidas preventivas a niveles casi \u201cobsesivos\u201d, principalmente quedarse en casa, pues, a\u00fan sin vacuna, eso es lo \u00fanico que permitir\u00e1 que disminuyan los casos de contagio en el municipio.&nbsp;<\/p>\n\n\n\n<p>Agreg\u00f3 que la pandemia cambiar\u00e1 la forma de vida de las personas y las relaciones humanas, pero para que pronto termine esta etapa, sostuvo, es necesaria la activaci\u00f3n con prontitud de estas medidas.<\/p>\n\n\n\n<p>Cabe se\u00f1alar que, entre las medidas est\u00e1 que s\u00f3lo se permitir\u00e1 el comercio de productos esenciales a fin de evitar aglomeraciones, as\u00ed como el cierre de espacios p\u00fablicos.&nbsp;<\/p>\n","protected":false},"excerpt":{"rendered":"<p>Ante el contagio, se han implementado medidas m\u00e1s restrictivas\u00a0 No se revelar\u00e1 el nombre ni la residencia de la persona que se encuentra afectada por Covid-19<\/p>\n","protected":false},"author":75,"featured_media":0,"comment_status":"closed","ping_status":"open","sticky":false,"template":"","format":"standard","meta":{"footnotes":""},"categories":[40],"tags":[],"class_list":["post-107108","post","type-post","status-publish","format-standard","hentry","category-region"],"_links":{"self":[{"href":"https:\/\/plazajuarez.mx\/historico\/wp-json\/wp\/v2\/posts\/107108","targetHints":{"allow":["GET"]}}],"collection":[{"href":"https:\/\/plazajuarez.mx\/historico\/wp-json\/wp\/v2\/posts"}],"about":[{"href":"https:\/\/plazajuarez.mx\/historico\/wp-json\/wp\/v2\/types\/post"}],"author":[{"embeddable":true,"href":"https:\/\/plazajuarez.mx\/historico\/wp-json\/wp\/v2\/users\/75"}],"replies":[{"embeddable":true,"href":"https:\/\/plazajuarez.mx\/historico\/wp-json\/wp\/v2\/comments?post=107108"}],"version-history":[{"count":0,"href":"https:\/\/plazajuarez.mx\/historico\/wp-json\/wp\/v2\/posts\/107108\/revisions"}],"wp:attachment":[{"href":"https:\/\/plazajuarez.mx\/historico\/wp-json\/wp\/v2\/media?parent=107108"}],"wp:term":[{"taxonomy":"category","embeddable":true,"href":"https:\/\/plazajuarez.mx\/historico\/wp-json\/wp\/v2\/categories?post=107108"},{"taxonomy":"post_tag","embeddable":true,"href":"https:\/\/plazajuarez.mx\/historico\/wp-json\/wp\/v2\/tags?post=107108"}],"curies":[{"name":"wp","href":"https:\/\/api.w.org\/{rel}","templated":true}]}}