{"id":107104,"date":"2020-04-30T06:00:00","date_gmt":"2020-04-30T06:00:00","guid":{"rendered":"https:\/\/plazajuarez.mx\/?p=107104"},"modified":"2020-04-30T04:00:20","modified_gmt":"2020-04-30T04:00:20","slug":"barcelona-estreno-ayer-serie-documental-en-netflix","status":"publish","type":"post","link":"https:\/\/plazajuarez.mx\/historico\/barcelona-estreno-ayer-serie-documental-en-netflix\/","title":{"rendered":"BARCELONA ESTREN\u00d3 AYER SERIE DOCUMENTAL EN NETFLIX"},"content":{"rendered":"\n<p><strong>&#8216;Matchday&#8217; est\u00e1 compuesta de ocho episodios de 45 minutos cada uno<\/strong><\/p>\n\n\n\n<!--more-->\n\n\n\n<p>Netflix estren\u00f3 ayer la serie documental &#8216;Matchday&#8217;, que narra los momentos claves de la temporada 2018-2019 del FC Barcelona, una producci\u00f3n creada por Bar\u00e7a Studios que estar\u00e1 disponible en esta plataforma en los pa\u00edses de Iberoam\u00e9rica y Canad\u00e1.<\/p>\n\n\n\n<p>&#8216;Matchday&#8217; est\u00e1 compuesta de ocho episodios de 45 minutos cada uno que se centran en momentos claves de la temporada azulgrana, como el 5-1 del Bar\u00e7a al Real Madrid en el cl\u00e1sico de La Liga o la dolorosa derrota en Anfield ante el Liverpool que elimin\u00f3 al equipo catal\u00e1n en las semifinales de la Liga de Campeones despu\u00e9s de haber vencido por 3-0 en el partido de ida.<\/p>\n\n\n\n<p>Adem\u00e1s, la serie, narrada por John Malkovich y producida con la colaboraci\u00f3n de Kosmos Studios y Producciones del Barrio, se adentra en el d\u00eda a d\u00eda de algunos jugadores como Gerard Piqu\u00e9, Ter Stegen, Leo Messi, Luis Su\u00e1rez, Arturo Vidal, Carles Ale\u00f1\u00e0 o Coutinho. Cada uno de ellos muestra una faceta de su vida privada m\u00e1s all\u00e1 del f\u00fatbol.<\/p>\n\n\n\n<p>As\u00ed, &#8216;Matchday&#8217; ampl\u00eda su \u00e1rea geogr\u00e1fica despu\u00e9s de haberse estrenado el 29 de noviembre de 2019 en la plataforma Rakuten TV en Europa y Jap\u00f3n y haber tenido una buena acogida entre el p\u00fablico.&nbsp;<\/p>\n\n\n\n<p>Bar\u00e7a Studios, el ente que centraliza la creaci\u00f3n, producci\u00f3n y comercializaci\u00f3n de toda la oferta audiovisual del club azulgrana, ya est\u00e1 trabajando en una segunda temporada de la serie<\/p>\n","protected":false},"excerpt":{"rendered":"<p>&#8216;Matchday&#8217; est\u00e1 compuesta de ocho episodios de 45 minutos cada uno<\/p>\n","protected":false},"author":80,"featured_media":0,"comment_status":"closed","ping_status":"open","sticky":false,"template":"","format":"standard","meta":{"footnotes":""},"categories":[39],"tags":[],"class_list":["post-107104","post","type-post","status-publish","format-standard","hentry","category-deportiva"],"_links":{"self":[{"href":"https:\/\/plazajuarez.mx\/historico\/wp-json\/wp\/v2\/posts\/107104","targetHints":{"allow":["GET"]}}],"collection":[{"href":"https:\/\/plazajuarez.mx\/historico\/wp-json\/wp\/v2\/posts"}],"about":[{"href":"https:\/\/plazajuarez.mx\/historico\/wp-json\/wp\/v2\/types\/post"}],"author":[{"embeddable":true,"href":"https:\/\/plazajuarez.mx\/historico\/wp-json\/wp\/v2\/users\/80"}],"replies":[{"embeddable":true,"href":"https:\/\/plazajuarez.mx\/historico\/wp-json\/wp\/v2\/comments?post=107104"}],"version-history":[{"count":0,"href":"https:\/\/plazajuarez.mx\/historico\/wp-json\/wp\/v2\/posts\/107104\/revisions"}],"wp:attachment":[{"href":"https:\/\/plazajuarez.mx\/historico\/wp-json\/wp\/v2\/media?parent=107104"}],"wp:term":[{"taxonomy":"category","embeddable":true,"href":"https:\/\/plazajuarez.mx\/historico\/wp-json\/wp\/v2\/categories?post=107104"},{"taxonomy":"post_tag","embeddable":true,"href":"https:\/\/plazajuarez.mx\/historico\/wp-json\/wp\/v2\/tags?post=107104"}],"curies":[{"name":"wp","href":"https:\/\/api.w.org\/{rel}","templated":true}]}}