{"id":107096,"date":"2020-04-30T06:00:00","date_gmt":"2020-04-30T06:00:00","guid":{"rendered":"https:\/\/plazajuarez.mx\/?p=107096"},"modified":"2020-04-30T03:28:59","modified_gmt":"2020-04-30T03:28:59","slug":"el-festival-internacional-locarno-se-cancela","status":"publish","type":"post","link":"https:\/\/plazajuarez.mx\/historico\/el-festival-internacional-locarno-se-cancela\/","title":{"rendered":"El Festival Internacional Locarno, se cancela"},"content":{"rendered":"\n<p><strong>Tras anunciar el Gobierno suizo que los eventos p\u00fablicos con m\u00e1s de mil personas seguir\u00e1n sin poder celebrarse al menos hasta el 31 de agosto<\/strong><\/p>\n\n\n\n<!--more-->\n\n\n\n<p>Los organizadores del Festival de Locarno, el principal certamen de cine de Suiza, anunciaron ayer que la edici\u00f3n de este a\u00f1o ser\u00e1 cancelada, debido a las medidas de prevenci\u00f3n de la pandemia de Covid-19.<\/p>\n\n\n\n<p>Tras anunciar el Gobierno suizo que los eventos p\u00fablicos con m\u00e1s de mil personas seguir\u00e1n sin poder celebrarse al menos hasta el 31 de agosto, la organizaci\u00f3n del festival, que suele celebrarse ese mes, indic\u00f3 la imposibilidad de poder seguir adelante con la 73 edici\u00f3n del certamen.<\/p>\n\n\n\n<p>Debido a la cancelaci\u00f3n, los organizadores han anunciado un alternativo &#8220;Festival por el Futuro del Cine&#8221; con el objetivo de &#8220;apoyar de la mejor forma posible la industria cinematogr\u00e1fica suiza e internacional, que encaran una profunda crisis&#8221;.<\/p>\n\n\n\n<p>Este festival alternativo ofrecer\u00e1 exhibiciones de cine independiente tanto en salas de aforos limitados por las medidas sanitarias como a trav\u00e9s de otras plataformas, destac\u00f3 el comunicado de la organizaci\u00f3n.<\/p>\n\n\n\n<p>Otro importante evento cultural del verano en Suiza, el Festival de Lucerna de m\u00fasica cl\u00e1sica, tambi\u00e9n anunci\u00f3 su cancelaci\u00f3n.<\/p>\n","protected":false},"excerpt":{"rendered":"<p>Tras anunciar el Gobierno suizo que los eventos p\u00fablicos con m\u00e1s de mil personas seguir\u00e1n sin poder celebrarse al menos hasta el 31 de agosto<\/p>\n","protected":false},"author":80,"featured_media":0,"comment_status":"closed","ping_status":"open","sticky":false,"template":"","format":"standard","meta":{"footnotes":""},"categories":[41],"tags":[],"class_list":["post-107096","post","type-post","status-publish","format-standard","hentry","category-arteria-cultural"],"_links":{"self":[{"href":"https:\/\/plazajuarez.mx\/historico\/wp-json\/wp\/v2\/posts\/107096","targetHints":{"allow":["GET"]}}],"collection":[{"href":"https:\/\/plazajuarez.mx\/historico\/wp-json\/wp\/v2\/posts"}],"about":[{"href":"https:\/\/plazajuarez.mx\/historico\/wp-json\/wp\/v2\/types\/post"}],"author":[{"embeddable":true,"href":"https:\/\/plazajuarez.mx\/historico\/wp-json\/wp\/v2\/users\/80"}],"replies":[{"embeddable":true,"href":"https:\/\/plazajuarez.mx\/historico\/wp-json\/wp\/v2\/comments?post=107096"}],"version-history":[{"count":0,"href":"https:\/\/plazajuarez.mx\/historico\/wp-json\/wp\/v2\/posts\/107096\/revisions"}],"wp:attachment":[{"href":"https:\/\/plazajuarez.mx\/historico\/wp-json\/wp\/v2\/media?parent=107096"}],"wp:term":[{"taxonomy":"category","embeddable":true,"href":"https:\/\/plazajuarez.mx\/historico\/wp-json\/wp\/v2\/categories?post=107096"},{"taxonomy":"post_tag","embeddable":true,"href":"https:\/\/plazajuarez.mx\/historico\/wp-json\/wp\/v2\/tags?post=107096"}],"curies":[{"name":"wp","href":"https:\/\/api.w.org\/{rel}","templated":true}]}}