{"id":107079,"date":"2020-04-30T00:35:44","date_gmt":"2020-04-30T00:35:44","guid":{"rendered":"https:\/\/plazajuarez.mx\/?p=107079"},"modified":"2020-04-30T00:35:54","modified_gmt":"2020-04-30T00:35:54","slug":"panteon-municipal-cerrado-por-tiempo-indefinido","status":"publish","type":"post","link":"https:\/\/plazajuarez.mx\/historico\/panteon-municipal-cerrado-por-tiempo-indefinido\/","title":{"rendered":"Pante\u00f3n Municipal cerrado por tiempo indefinido"},"content":{"rendered":"\n<p><strong>Solo se podr\u00e1 acceder para inhumaciones, exhumaciones y cremaciones, con las medidas sanitarias correspondientes.<\/strong><\/p>\n\n\n\n<!--more-->\n\n\n\n<p>Con el prop\u00f3sito de reforzar las medidas de contenci\u00f3n de Coronavirus, la presidencia municipal de Pachuca, a trav\u00e9s de la Secretaria de Servicios P\u00fablicos Municipales, determinaron el cierre del pante\u00f3n municipal por tiempo indefinido.<\/p>\n\n\n\n<p>De tal manera que el campo santo se mantendr\u00e1 cerrado para visitas, a partir de hoy, en cumplimiento a las medidas sanitarias emitidas por las autoridades correspondientes, y en este caso evitar aglomeraciones en espacios p\u00fablicos ante la contingencia del COVID-19..<\/p>\n\n\n\n<p>As\u00ed mismo, la Secretar\u00eda de Servicios P\u00fablicos Municipales informa que solo se podr\u00e1 acceder para inhumaciones, exhumaciones y cremaciones, con las medidas sanitarias dispuestas en el Consejo de Salubridad General.<\/p>\n\n\n\n<p>Cabe destacar que esta disposici\u00f3n se difunde en redes sociales as\u00ed como en el portal oficial de la presidencia municipal de Pachuca, con el prop\u00f3sito de que la ciudadan\u00eda est\u00e9 informada y evite acudir al pante\u00f3n, sobre todo ante la cercan\u00eda de fechas importantes en las que tradicionalmente acuden a este espacio.<\/p>\n\n\n\n<p>El aviso cita \u201cpara evitar riesgo de contagio por la epidemia COVID-19 ante la aglomeraci\u00f3n de personas, la Secretar\u00eda de Servicios Municipales de Pachuca, en auxilio de las autoridades sanitarias y con fundamento en lo dispuesto en el art\u00edculo 119 fracci\u00f3n XII de la Ley Org\u00e1nica Municipal informa que se suspenden en forma indefinida, las visitas al pante\u00f3n municipal, salv\u00f3 para el caso de inhumaciones, cremaciones y exhumaciones que podr\u00e1n realizarse observando las medidas sanitarias aplicables\u201d.<\/p>\n\n\n\n<p>Es importante se\u00f1alar que adem\u00e1s de esta disposici\u00f3n, se aplican acciones para fortalecer las medidas preventivas para evitar la propagaci\u00f3n del virus, c\u00f3mo es la sanitizaci\u00f3n del lugar.<\/p>\n","protected":false},"excerpt":{"rendered":"<p>Solo se podr\u00e1 acceder para inhumaciones, exhumaciones y cremaciones, con las medidas sanitarias correspondientes.<\/p>\n","protected":false},"author":73,"featured_media":0,"comment_status":"closed","ping_status":"open","sticky":false,"template":"","format":"standard","meta":{"footnotes":""},"categories":[15,59],"tags":[],"class_list":["post-107079","post","type-post","status-publish","format-standard","hentry","category-destacadas","category-general"],"_links":{"self":[{"href":"https:\/\/plazajuarez.mx\/historico\/wp-json\/wp\/v2\/posts\/107079","targetHints":{"allow":["GET"]}}],"collection":[{"href":"https:\/\/plazajuarez.mx\/historico\/wp-json\/wp\/v2\/posts"}],"about":[{"href":"https:\/\/plazajuarez.mx\/historico\/wp-json\/wp\/v2\/types\/post"}],"author":[{"embeddable":true,"href":"https:\/\/plazajuarez.mx\/historico\/wp-json\/wp\/v2\/users\/73"}],"replies":[{"embeddable":true,"href":"https:\/\/plazajuarez.mx\/historico\/wp-json\/wp\/v2\/comments?post=107079"}],"version-history":[{"count":0,"href":"https:\/\/plazajuarez.mx\/historico\/wp-json\/wp\/v2\/posts\/107079\/revisions"}],"wp:attachment":[{"href":"https:\/\/plazajuarez.mx\/historico\/wp-json\/wp\/v2\/media?parent=107079"}],"wp:term":[{"taxonomy":"category","embeddable":true,"href":"https:\/\/plazajuarez.mx\/historico\/wp-json\/wp\/v2\/categories?post=107079"},{"taxonomy":"post_tag","embeddable":true,"href":"https:\/\/plazajuarez.mx\/historico\/wp-json\/wp\/v2\/tags?post=107079"}],"curies":[{"name":"wp","href":"https:\/\/api.w.org\/{rel}","templated":true}]}}