{"id":107072,"date":"2020-04-30T00:03:39","date_gmt":"2020-04-30T00:03:39","guid":{"rendered":"https:\/\/plazajuarez.mx\/?p=107072"},"modified":"2020-04-30T01:09:17","modified_gmt":"2020-04-30T01:09:17","slug":"en-vivo-conferencia-sobre-covid-19","status":"publish","type":"post","link":"https:\/\/plazajuarez.mx\/historico\/en-vivo-conferencia-sobre-covid-19\/","title":{"rendered":"M\u00e9xico suma mil 732 muertos y 17 mil 799 casos de Covid-19"},"content":{"rendered":"\n<p><strong>M\u00e9xico lleg\u00f3 este mi\u00e9rcoles a mil 732 muertos, con 17,799 casos confirmados de Covid-19, mientras que los casos sospechosos suman 13 mil 263 y los negativos 50 mil 850, seg\u00fan informa la Secretar\u00eda de Salud.<\/strong><\/p>\n\n\n\n<!--more-->\n\n\n\n<p>El subsecretario de Salud, Hugo L\u00f3pez-Gatell, ofrece la noche de este mi\u00e9rcoles detalles del avance del coronavirus en M\u00e9xico, en la conferencia diaria desde Palacio Nacional.<\/p>\n\n\n\n<p>Hasta este martes, la Secretar\u00eda de Salud hab\u00eda confirmado 16 mil 752 contagios, 5 mil 329 casos activos y mil 569 muertos por coronavirus en M\u00e9xico. Adem\u00e1s, la Secretar\u00eda de Educaci\u00f3n P\u00fablica detall\u00f3 esta tarde que el regreso a clases se mantiene al 1 de junio.<\/p>\n\n\n\n<p>Por su parte, Estados Unidos asegur\u00f3 que el medicamento Remdesivir muestra un claro efecto positivo contra el Covid-19 pues, afirma, disminuye el tiempo en la recuperaci\u00f3n de los pacientes con este virus.<\/p>\n\n\n\n<figure class=\"wp-block-embed-facebook wp-block-embed is-type-video is-provider-facebook\"><div class=\"wp-block-embed__wrapper\">\nhttps:\/\/www.facebook.com\/SecretariadeSaludMX\/videos\/3282963971733988\/\n<\/div><\/figure>\n","protected":false},"excerpt":{"rendered":"<p>M\u00e9xico lleg\u00f3 este mi\u00e9rcoles a mil 732 muertos, con 17,799 casos confirmados de Covid-19, mientras que los casos sospechosos suman 13 mil 263 y los negativos 50 mil 850, seg\u00fan informa la Secretar\u00eda de Salud.<\/p>\n","protected":false},"author":81,"featured_media":0,"comment_status":"closed","ping_status":"open","sticky":false,"template":"","format":"standard","meta":{"footnotes":""},"categories":[15,36],"tags":[],"class_list":["post-107072","post","type-post","status-publish","format-standard","hentry","category-destacadas","category-nacion"],"_links":{"self":[{"href":"https:\/\/plazajuarez.mx\/historico\/wp-json\/wp\/v2\/posts\/107072","targetHints":{"allow":["GET"]}}],"collection":[{"href":"https:\/\/plazajuarez.mx\/historico\/wp-json\/wp\/v2\/posts"}],"about":[{"href":"https:\/\/plazajuarez.mx\/historico\/wp-json\/wp\/v2\/types\/post"}],"author":[{"embeddable":true,"href":"https:\/\/plazajuarez.mx\/historico\/wp-json\/wp\/v2\/users\/81"}],"replies":[{"embeddable":true,"href":"https:\/\/plazajuarez.mx\/historico\/wp-json\/wp\/v2\/comments?post=107072"}],"version-history":[{"count":0,"href":"https:\/\/plazajuarez.mx\/historico\/wp-json\/wp\/v2\/posts\/107072\/revisions"}],"wp:attachment":[{"href":"https:\/\/plazajuarez.mx\/historico\/wp-json\/wp\/v2\/media?parent=107072"}],"wp:term":[{"taxonomy":"category","embeddable":true,"href":"https:\/\/plazajuarez.mx\/historico\/wp-json\/wp\/v2\/categories?post=107072"},{"taxonomy":"post_tag","embeddable":true,"href":"https:\/\/plazajuarez.mx\/historico\/wp-json\/wp\/v2\/tags?post=107072"}],"curies":[{"name":"wp","href":"https:\/\/api.w.org\/{rel}","templated":true}]}}