{"id":107066,"date":"2020-04-29T23:09:04","date_gmt":"2020-04-29T23:09:04","guid":{"rendered":"https:\/\/plazajuarez.mx\/?p=107066"},"modified":"2020-04-29T23:09:13","modified_gmt":"2020-04-29T23:09:13","slug":"sep-mantiene-el-1-de-junio-como-fecha-de-regreso-a-clases","status":"publish","type":"post","link":"https:\/\/plazajuarez.mx\/historico\/sep-mantiene-el-1-de-junio-como-fecha-de-regreso-a-clases\/","title":{"rendered":"SEP mantiene el 1 de junio como fecha de regreso a clases"},"content":{"rendered":"\n<p><strong>Se confirmar\u00e1 si se cubren todas las medidas de sana distancia y se llega a ese d\u00eda en condiciones \u00f3ptimas para los estudiantes.<\/strong><\/p>\n\n\n\n<!--more-->\n\n\n\n<p>El titular de la Secretar\u00eda de Educaci\u00f3n P\u00fablica (SEP), Esteban Moctezuma Barrag\u00e1n, inform\u00f3 que se mantiene el 1 de junio como la fecha para el regreso total a clases, y esto se confirmar\u00e1 si se cubren todas las medidas de sana distancia y se llega a ese d\u00eda en condiciones de hacerlo ante la pandemia por Covid-19.<\/p>\n\n\n\n<p>En una pl\u00e1tica virtual con los integrantes de la Comisi\u00f3n de Educaci\u00f3n de la C\u00e1mara de Diputados, Moctezuma Barrag\u00e1n dijo que la fecha de retorno a clases para los municipios que est\u00e9n libres de riesgo y est\u00e9n en posibilidad de iniciar clases, ser\u00e1 el 18 de mayo.<\/p>\n\n\n\n<p>&#8220;El posible regreso a clases en todas las escuelas del pa\u00eds a partir del 1\u00b0 de junio de este a\u00f1o, si y s\u00f3lo si, como dice el subsecretario L\u00f3pez-Gatell, se cubren con todas las medidas de sana distancia y se llega a esta fecha en condiciones de hacerlo.<\/p>\n\n\n\n<p>&#8220;Lo mismo para los municipios que en este momento est\u00e1n libres de riesgo se plantea la posibilidad de iniciar actividades el 18 de mayo de este a\u00f1o si es posible y si los municipios aleda\u00f1os contin\u00faan tambi\u00e9n en condiciones de hacerlo&#8221;, explic\u00f3 Moctezuma Barrag\u00e1n.<\/p>\n\n\n\n<p>En este encuentro, Moctezuma explic\u00f3 que la informaci\u00f3n previa la proporcionar\u00e1 la Secretar\u00eda de Salud, unos d\u00edas antes de ambas fechas para que se tenga la fotograf\u00eda de ese momento.<\/p>\n\n\n\n<p>Habl\u00f3 de la modificaci\u00f3n del calendario escolar para el actual ciclo escolar tras esta pandemia del Covid-19, y explic\u00f3 que se prev\u00e9 que las clases concluyan el pr\u00f3ximo 17 de julio, en lugar del 3 de julio, como estaba programado.<\/p>\n\n\n\n<p>&#8220;En este esfuerzo hemos trabajado tambi\u00e9n de la mano, hombro con hombro, con la Comisi\u00f3n Nacional para la Mejora Continua de la Educaci\u00f3n (Mejoedu) y el propio Conaedu&#8221;, refiri\u00f3.<\/p>\n","protected":false},"excerpt":{"rendered":"<p>Se confirmar\u00e1 si se cubren todas las medidas de sana distancia y se llega a ese d\u00eda en condiciones \u00f3ptimas para los estudiantes.<\/p>\n","protected":false},"author":81,"featured_media":0,"comment_status":"closed","ping_status":"open","sticky":false,"template":"","format":"standard","meta":{"footnotes":""},"categories":[36],"tags":[],"class_list":["post-107066","post","type-post","status-publish","format-standard","hentry","category-nacion"],"_links":{"self":[{"href":"https:\/\/plazajuarez.mx\/historico\/wp-json\/wp\/v2\/posts\/107066","targetHints":{"allow":["GET"]}}],"collection":[{"href":"https:\/\/plazajuarez.mx\/historico\/wp-json\/wp\/v2\/posts"}],"about":[{"href":"https:\/\/plazajuarez.mx\/historico\/wp-json\/wp\/v2\/types\/post"}],"author":[{"embeddable":true,"href":"https:\/\/plazajuarez.mx\/historico\/wp-json\/wp\/v2\/users\/81"}],"replies":[{"embeddable":true,"href":"https:\/\/plazajuarez.mx\/historico\/wp-json\/wp\/v2\/comments?post=107066"}],"version-history":[{"count":0,"href":"https:\/\/plazajuarez.mx\/historico\/wp-json\/wp\/v2\/posts\/107066\/revisions"}],"wp:attachment":[{"href":"https:\/\/plazajuarez.mx\/historico\/wp-json\/wp\/v2\/media?parent=107066"}],"wp:term":[{"taxonomy":"category","embeddable":true,"href":"https:\/\/plazajuarez.mx\/historico\/wp-json\/wp\/v2\/categories?post=107066"},{"taxonomy":"post_tag","embeddable":true,"href":"https:\/\/plazajuarez.mx\/historico\/wp-json\/wp\/v2\/tags?post=107066"}],"curies":[{"name":"wp","href":"https:\/\/api.w.org\/{rel}","templated":true}]}}