{"id":107005,"date":"2020-04-29T06:00:00","date_gmt":"2020-04-29T06:00:00","guid":{"rendered":"https:\/\/plazajuarez.mx\/?p=107005"},"modified":"2020-04-29T03:27:23","modified_gmt":"2020-04-29T03:27:23","slug":"faltan-semanas-criticas-por-covid-19-en-mexico","status":"publish","type":"post","link":"https:\/\/plazajuarez.mx\/historico\/faltan-semanas-criticas-por-covid-19-en-mexico\/","title":{"rendered":"\u201cFaltan semanas cr\u00edticas por Covid-19 en M\u00e9xico\u201d"},"content":{"rendered":"\n<p><strong>A\u00fan se espera el crecimiento en el n\u00famero de casos, advierten<\/strong><\/p>\n\n\n\n<!--more-->\n\n\n\n<p>Al igual que en otros pa\u00edses de la regi\u00f3n, en las pr\u00f3ximas semanas el n\u00famero de enfermos por Covid-19 continuar\u00e1 incrementando en M\u00e9xico, consider\u00f3 la Organizaci\u00f3n Panamericana de la Salud (OPS\/OMS).<\/p>\n\n\n\n<p>El subdirector de la OPS Jarbas Barbosa consider\u00f3 que el pa\u00eds se encuentra en las mismas condiciones en las que estaba Europa hace seis semanas, por lo que todav\u00eda se espera el crecimiento en el n\u00famero de casos.<\/p>\n\n\n\n<p><strong>PROPONE SEGOB CONSTRUIR REDES VECINALES CONTRA COVID<\/strong><\/p>\n\n\n\n<p>La Secretar\u00eda de Gobernaci\u00f3n propuso a alrededor de 2 mil municipios crear Redes Vecinales de Apoyo Solidario para enfrentar la pandemia.<\/p>\n\n\n\n<p>La iniciativa tiene como objetivo que los ciudadanos se organicen para cuidar a las personas vulnerables; atender necesidades de&nbsp; vecinos; prevenir crisis de depresi\u00f3n, p\u00e1nico o estr\u00e9s; ubicar hogares con violencia dom\u00e9stica, y facilitar la distribuci\u00f3n de donaci\u00f3n de insumos.<\/p>\n","protected":false},"excerpt":{"rendered":"<p>A\u00fan se espera el crecimiento en el n\u00famero de casos, advierten<\/p>\n","protected":false},"author":81,"featured_media":0,"comment_status":"closed","ping_status":"open","sticky":false,"template":"","format":"standard","meta":{"footnotes":""},"categories":[36],"tags":[],"class_list":["post-107005","post","type-post","status-publish","format-standard","hentry","category-nacion"],"_links":{"self":[{"href":"https:\/\/plazajuarez.mx\/historico\/wp-json\/wp\/v2\/posts\/107005","targetHints":{"allow":["GET"]}}],"collection":[{"href":"https:\/\/plazajuarez.mx\/historico\/wp-json\/wp\/v2\/posts"}],"about":[{"href":"https:\/\/plazajuarez.mx\/historico\/wp-json\/wp\/v2\/types\/post"}],"author":[{"embeddable":true,"href":"https:\/\/plazajuarez.mx\/historico\/wp-json\/wp\/v2\/users\/81"}],"replies":[{"embeddable":true,"href":"https:\/\/plazajuarez.mx\/historico\/wp-json\/wp\/v2\/comments?post=107005"}],"version-history":[{"count":0,"href":"https:\/\/plazajuarez.mx\/historico\/wp-json\/wp\/v2\/posts\/107005\/revisions"}],"wp:attachment":[{"href":"https:\/\/plazajuarez.mx\/historico\/wp-json\/wp\/v2\/media?parent=107005"}],"wp:term":[{"taxonomy":"category","embeddable":true,"href":"https:\/\/plazajuarez.mx\/historico\/wp-json\/wp\/v2\/categories?post=107005"},{"taxonomy":"post_tag","embeddable":true,"href":"https:\/\/plazajuarez.mx\/historico\/wp-json\/wp\/v2\/tags?post=107005"}],"curies":[{"name":"wp","href":"https:\/\/api.w.org\/{rel}","templated":true}]}}